{"id":327421,"date":"2025-08-08T00:26:13","date_gmt":"2025-08-08T00:26:13","guid":{"rendered":"https:\/\/www.europesays.com\/de\/327421\/"},"modified":"2025-08-08T00:26:13","modified_gmt":"2025-08-08T00:26:13","slug":"knorr-bremse-will-stellen-streichen","status":"publish","type":"post","link":"https:\/\/www.europesays.com\/de\/327421\/","title":{"rendered":"Knorr-Bremse will Stellen streichen"},"content":{"rendered":"<p>Umsatzr\u00fcckgang bei Lkw-Sparte <\/p>\n<p>Bremsenhersteller will Stellen streichen<\/p>\n<p>07.08.2025 &#8211; 23:32 UhrLesedauer: 1 Min.<\/p>\n<p><a href=\"#focus-0\" class=\"transition-colors duration-200 focus-within:text-magenta block text-current relative\" data-sctrack=\"FocusGalleryImage.Reference\"><img fetchpriority=\"high\" data-testid=\"Opener.Image\" style=\"--lqipURL:url('https:\/\/images.t-online.de\/2025\/02\/Q4GXlG2U8qwE\/0x112:2048x1152\/fit-in\/150x0\/filters:blur(25)\/knorr-bremse-will-2025-wachsen.jpg')\"   loading=\"eager\" src=\"https:\/\/www.europesays.com\/de\/wp-content\/uploads\/2025\/08\/knorr-bremse-will-2025-wachsen.jpg\" alt=\"Knorr-Bremse: Zuggesch\u00e4ft l\u00e4uft gut, Lkw-Gesch\u00e4ft schw\u00e4chelt\" title=\"Knorr-Bremse: Zuggesch\u00e4ft l\u00e4uft gut, Lkw-Gesch\u00e4ft schw\u00e4chelt\" width=\"2048\" height=\"1152\" class=\"bg-[url:var(--lqipURL)] bg-cover bg-center flex h-full w-full max-w-full\" decoding=\"async\"\/><img style=\"--width:32;--height:32\" loading=\"lazy\" src=\"https:\/\/www.t-online.de\/s\/paper\/_next\/static\/media\/zoom-in.f7dae02f.svg\" alt=\"Vergr\u00f6\u00dfern des Bildes\" title=\"Vergr\u00f6\u00dfern des Bildes\" class=\"block h-[calc(var(--height)_\/_16_*_1rem)] w-[calc(var(--width)_\/_16_*_1rem)] max-w-none absolute bottom-8 right-8 rounded-4 bg-snow p-8\" decoding=\"async\"\/><\/a><\/p>\n<p>Der Automobilzulieferer Knorr-Bremse muss Stellen streichen. (Quelle: Andreas Gebert\/dpa\/dpa-bilder)<\/p>\n<p class=\"font-bold text-18 leading-17\">Trotz stabiler Gesch\u00e4ftszahlen soll beim M\u00fcnchner Bremsenhersteller Knorr-Bremse Personal abgebaut werden. Betroffen sind mehrere Standorte.<\/p>\n<p class=\"text-18 leading-17\">Der Lkw- und Zugbremsen-Hersteller <a class=\"transition-colors duration-200 cursor-pointer text-inherit no-underline text-salemsfur md:hover:text-magenta md:hover:border-magenta md:focus:text-magenta border-current border-b border-solid break-words\" href=\"https:\/\/www.t-online.de\/finanzen\/boerse\/aktien\/knorr-bremse-aktie\/de000kbx1006\/\" data-sctrack=\"BodyAnchor\" target=\"_blank\" rel=\"noopener\">Knorr-Bremse<\/a> will im Rahmen seines Strategieprogramms &#8222;Boost&#8220; Stellen streichen. Nach Angaben einer Unternehmenssprecherin geht es am Standort <a rel=\"nofollow noopener\" target=\"_blank\" class=\"transition-colors duration-200 cursor-pointer text-inherit no-underline text-salemsfur md:hover:text-magenta md:hover:border-magenta md:focus:text-magenta border-current border-b border-solid break-words\" href=\"https:\/\/muenchen.t-online.de\/region\/muenchen\/\" data-sctrack=\"BodyAnchor\">M\u00fcnchen<\/a> um rund 200 Arbeitspl\u00e4tze. Insgesamt sind in Deutschland etwa 5.000 Mitarbeitende besch\u00e4ftigt.<\/p>\n<p class=\"text-18 leading-17\">Eine interne Pr\u00e4sentation, \u00fcber die der &#8222;M\u00fcnchner Merkur&#8220; berichtet hat, nennt deutschlandweit mindestens 700 gef\u00e4hrdete Jobs. Das entspricht etwa 13 Prozent der Belegschaft in Deutschland. In M\u00fcnchen sollen demnach mehr als 300 Stellen betroffen sein.<\/p>\n<p class=\"text-18 leading-17\">Seit Juli spricht dem Bericht nach das Unternehmen gezielt Mitarbeitende auf Altersteilzeit oder Aufhebungsvertr\u00e4ge an. Ein Freiwilligenprogramm im Bereich &#8222;Rail&#8220; (Schiene) sei laut Unternehmensangaben gut angelaufen. Betriebsbedingte K\u00fcndigungen k\u00f6nnten aus heutiger Sicht vermieden werden.<\/p>\n<p class=\"text-18 leading-17\">Auch im Bereich &#8222;Truck&#8220; (Lastwagen) gibt es ein entsprechendes Programm. Der <a class=\"transition-colors duration-200 cursor-pointer text-inherit no-underline text-salemsfur md:hover:text-magenta md:hover:border-magenta md:focus:text-magenta border-current border-b border-solid break-words\" href=\"https:\/\/www.t-online.de\/themen\/stellenabbau\/\" data-sctrack=\"BodyAnchor\" target=\"_blank\" rel=\"noopener\">Stellenabbau<\/a> sei Teil einer langfristigen Ma\u00dfnahme und stehe nicht im Zusammenhang mit der US-Zollpolitik, hie\u00df es.<\/p>\n<p class=\"text-18 leading-17\">Trotz des geplanten Stellenabbaus ist die Gesch\u00e4ftslage stabil. Im ersten Halbjahr 2025 sank der Umsatz leicht von 3,99 auf 3,96 Milliarden Euro. Der Nettogewinn verringerte sich von 313 auf 294 Millionen Euro.<\/p>\n<p class=\"text-18 leading-17\">Besonders das Gesch\u00e4ft mit Eisenbahnbremsen entwickelte sich positiv. Der Umsatz stieg um rund zehn Prozent auf knapp 2,2 Milliarden Euro. Der Auftragseingang legte um 18 Prozent zu.<\/p>\n<p class=\"text-18 leading-17\">Der Bereich mit Lkw-Bremsen verzeichnete hingegen R\u00fcckg\u00e4nge bei Umsatz, Auftragseingang und Auftragsbestand. Diese Entwicklung wurde auf die allgemeine Marktflaute zur\u00fcckgef\u00fchrt. Das Unternehmen bekenne sich dennoch zum Standort Deutschland \u2013 k\u00fcrzlich wurde die Erweiterung des Truck-Standorts in Aldersbach angek\u00fcndigt.<\/p>\n","protected":false},"excerpt":{"rendered":"Umsatzr\u00fcckgang bei Lkw-Sparte Bremsenhersteller will Stellen streichen 07.08.2025 &#8211; 23:32 UhrLesedauer: 1 Min. Der Automobilzulieferer Knorr-Bremse muss Stellen&hellip;\n","protected":false},"author":2,"featured_media":327422,"comment_status":"","ping_status":"","sticky":false,"template":"","format":"standard","meta":{"footnotes":""},"categories":[134],"tags":[722,1217,175,170,169,29,30,92970,82722,171,174,1268,92972,17016,92971,18150,173,172],"class_list":{"0":"post-327421","1":"post","2":"type-post","3":"status-publish","4":"format-standard","5":"has-post-thumbnail","7":"category-unternehmen-maerkte","8":"tag-722","9":"tag-1217","10":"tag-business","11":"tag-companies","12":"tag-companies-markets","13":"tag-deutschland","14":"tag-germany","15":"tag-geschaeftszahl","16":"tag-knorr-bremse","17":"tag-markets","18":"tag-maerkte","19":"tag-muenchen","20":"tag-muenchner-merkur","21":"tag-standort","22":"tag-strategieprogramm","23":"tag-umsatzrueckgang","24":"tag-unternehmen","25":"tag-unternehmen-maerkte"},"share_on_mastodon":{"url":"https:\/\/pubeurope.com\/@de\/114990310064267318","error":""},"_links":{"self":[{"href":"https:\/\/www.europesays.com\/de\/wp-json\/wp\/v2\/posts\/327421","targetHints":{"allow":["GET"]}}],"collection":[{"href":"https:\/\/www.europesays.com\/de\/wp-json\/wp\/v2\/posts"}],"about":[{"href":"https:\/\/www.europesays.com\/de\/wp-json\/wp\/v2\/types\/post"}],"author":[{"embeddable":true,"href":"https:\/\/www.europesays.com\/de\/wp-json\/wp\/v2\/users\/2"}],"replies":[{"embeddable":true,"href":"https:\/\/www.europesays.com\/de\/wp-json\/wp\/v2\/comments?post=327421"}],"version-history":[{"count":0,"href":"https:\/\/www.europesays.com\/de\/wp-json\/wp\/v2\/posts\/327421\/revisions"}],"wp:featuredmedia":[{"embeddable":true,"href":"https:\/\/www.europesays.com\/de\/wp-json\/wp\/v2\/media\/327422"}],"wp:attachment":[{"href":"https:\/\/www.europesays.com\/de\/wp-json\/wp\/v2\/media?parent=327421"}],"wp:term":[{"taxonomy":"category","embeddable":true,"href":"https:\/\/www.europesays.com\/de\/wp-json\/wp\/v2\/categories?post=327421"},{"taxonomy":"post_tag","embeddable":true,"href":"https:\/\/www.europesays.com\/de\/wp-json\/wp\/v2\/tags?post=327421"}],"curies":[{"name":"wp","href":"https:\/\/api.w.org\/{rel}","templated":true}]}}