{"id":327432,"date":"2025-08-08T00:32:14","date_gmt":"2025-08-08T00:32:14","guid":{"rendered":"https:\/\/www.europesays.com\/de\/327432\/"},"modified":"2025-08-08T00:32:14","modified_gmt":"2025-08-08T00:32:14","slug":"arminia-bangt-vor-dem-spiel-in-kiel-um-den-einsatz-von-stefano-russo-dsc-arminia-bielefeld","status":"publish","type":"post","link":"https:\/\/www.europesays.com\/de\/327432\/","title":{"rendered":"Arminia bangt vor dem Spiel in Kiel um den Einsatz von Stefano Russo | DSC Arminia Bielefeld"},"content":{"rendered":"<p class=\"em_text lz-blur\">Muskul\u00e4re Probleme drohen den Stammspieler am Sonntag gegen Holstein Kiel au\u00dfer Gefecht zu setzen. Diese Alternativen b\u00f6ten sich DSC-Trainer Mitch Kniat.<\/p>\n<p>0,99 \u20ac im ersten Monat<\/p>\n<p>monatlich k\u00fcndbar<\/p>\n<p class=\"lead\">\n<a class=\"btn btn-lg btn-primary funnel-entry\" data-upscore-conversion=\"1\" href=\"https:\/\/www.lz.de\/service\/angebote\/checkout\/data?abos=D001_8216_50090_8&amp;em_cnt=24151598&amp;em_loc=22529\" role=\"button\" data-label=\"paywall\" data-product=\"D001_8216_50090_8\" data-price=\"11,99 EUR\" data-nm=\"paywall_cta_modul\">Angebot sichern<\/a><\/p>\n<p>\n Alle Artikel lesen<br \/> Weniger Werbung<\/p>\n<p class=\"text-center bei-login-ausblenden\">Bereits Abonnent? <a href=\"#\" id=\"loginLink\" data-nm=\"paywall-2024-loginlink_button_artikel\">Hier einloggen!<\/a><\/p>\n<p>angemeldet bleiben<br \/>\n | <a href=\"https:\/\/www.lz.de\/myonline\/?pid=7\" rel=\"nofollow noopener\" target=\"_blank\">Passwort vergessen?<\/a><\/p>\n<p>\nJetzt anmelden<\/p>\n","protected":false},"excerpt":{"rendered":"Muskul\u00e4re Probleme drohen den Stammspieler am Sonntag gegen Holstein Kiel au\u00dfer Gefecht zu setzen. Diese Alternativen b\u00f6ten sich&hellip;\n","protected":false},"author":2,"featured_media":327433,"comment_status":"","ping_status":"","sticky":false,"template":"","format":"standard","meta":{"footnotes":"","_share_on_mastodon":"0"},"categories":[1852],"tags":[2368,1605,8406,3364,29,548,663,3934,8400,7454,30,13,10243,4949,4281,1611,1606,1609,2379,2377,1608,2370,1613,2373,14,15,12,1971,4279,24480,20777],"class_list":["post-327432","post","type-post","status-publish","format-standard","has-post-thumbnail","category-kiel","tag-arminia-bielefeld","tag-bielefeld","tag-dsseldorf","tag-de","tag-deutschland","tag-eu","tag-europa","tag-europe","tag-fortuna-dsseldorf","tag-gefecht","tag-germany","tag-headlines","tag-holstein-kiel","tag-kiel","tag-label_arminia","tag-label_informiere-mich","tag-label_m-80","tag-label_plus-ok","tag-label_push","tag-label_startseite","tag-label_top-news","tag-maximilian-groer","tag-meta_userneeds_informieremich","tag-mitch-kniat","tag-nachrichten","tag-news","tag-schlagzeilen","tag-schleswig-holstein","tag-serie_nlarminia","tag-stefano-russo","tag-zweitligaspiel"],"share_on_mastodon":{"url":"","error":"Validation failed: Text character limit of 500 exceeded"},"_links":{"self":[{"href":"https:\/\/www.europesays.com\/de\/wp-json\/wp\/v2\/posts\/327432","targetHints":{"allow":["GET"]}}],"collection":[{"href":"https:\/\/www.europesays.com\/de\/wp-json\/wp\/v2\/posts"}],"about":[{"href":"https:\/\/www.europesays.com\/de\/wp-json\/wp\/v2\/types\/post"}],"author":[{"embeddable":true,"href":"https:\/\/www.europesays.com\/de\/wp-json\/wp\/v2\/users\/2"}],"replies":[{"embeddable":true,"href":"https:\/\/www.europesays.com\/de\/wp-json\/wp\/v2\/comments?post=327432"}],"version-history":[{"count":0,"href":"https:\/\/www.europesays.com\/de\/wp-json\/wp\/v2\/posts\/327432\/revisions"}],"wp:featuredmedia":[{"embeddable":true,"href":"https:\/\/www.europesays.com\/de\/wp-json\/wp\/v2\/media\/327433"}],"wp:attachment":[{"href":"https:\/\/www.europesays.com\/de\/wp-json\/wp\/v2\/media?parent=327432"}],"wp:term":[{"taxonomy":"category","embeddable":true,"href":"https:\/\/www.europesays.com\/de\/wp-json\/wp\/v2\/categories?post=327432"},{"taxonomy":"post_tag","embeddable":true,"href":"https:\/\/www.europesays.com\/de\/wp-json\/wp\/v2\/tags?post=327432"}],"curies":[{"name":"wp","href":"https:\/\/api.w.org\/{rel}","templated":true}]}}