{"id":327524,"date":"2025-08-08T01:28:10","date_gmt":"2025-08-08T01:28:10","guid":{"rendered":"https:\/\/www.europesays.com\/de\/327524\/"},"modified":"2025-08-08T01:28:10","modified_gmt":"2025-08-08T01:28:10","slug":"muenchner-familienpass-und-ferienpass-auch-im-landratsamt-freising-erhaeltlich","status":"publish","type":"post","link":"https:\/\/www.europesays.com\/de\/327524\/","title":{"rendered":"M\u00fcnchner Familienpass und Ferienpass auch im Landratsamt Freising erh\u00e4ltlich"},"content":{"rendered":"<p>Der M\u00fcnchner Ferienpass ist schon seit einiger Zeit an der zentralen Information der Zulassungsstelle im Landratsamt Freising erh\u00e4ltlich. Dieser ist noch bis zum Ende der Sommerferien 2025 g\u00fcltig. Erg\u00e4nzend dazu bietet die Stadt M\u00fcnchen auch einen Familienpass an, der das ganze Kalenderjahr 2025, also auch au\u00dferhalb der Ferienzeiten, g\u00fcltig ist und zahlreiche Freizeitangebote, Gutscheine und attraktive Erm\u00e4\u00dfigungen bietet. Dieser kostet sechs Euro und kann in den Ferienzeiten mit dem Ferienpass kombiniert werden.<\/p>\n<p>\u00a0<\/p>\n<p>Den M\u00fcnchner Familienpass k\u00f6nnen alle im Landkreis Freising lebenden Familien nutzen \u2013 egal ob Alleinerziehende, Familien mit Pflegekindern oder Gro\u00dfeltern samt Enkelkindern. Jeder Familienpass gilt f\u00fcr zwei Erwachsene und bis zu vier Kinder bis einschlie\u00dflich 17 Jahre. Familien mit mehr als vier Kindern bekommen einmalig einen weiteren, kostenlosen Familienpass.<\/p>\n<p>\u00a0<\/p>\n<p>Den M\u00fcnchner Ferienpass gibt es ebenfalls f\u00fcr Kinder und Jugendliche bis einschlie\u00dflich 17 Jahre. W\u00e4hrend der Ferien \u2013 beginnend mit den Herbstferien bis zum letzten Tag der Sommerferien \u2013 k\u00f6nnen sie damit zahlreiche Veranstaltungen, Sehensw\u00fcrdigkeiten, Einrichtungen und Kurse in M\u00fcnchen erm\u00e4\u00dfigt oder kostenlos besuchen. Der Ferienpass ist ein kleines Gutscheinheft, in dem zahlreiche Gutscheine zum Heraustrennen sind. Zus\u00e4tzlich berechtigt der Ferienpass die Kinder und Jugendlichen bis einschlie\u00dflich 14 Jahre w\u00e4hrend der Sommerferien zu beliebig vielen Fahrten mit den Verkehrsmitteln im MVV im Geltungsbereich Zonen M bis 6. Der Ferienpass kostet 14 Euro f\u00fcr Kinder und Jugendliche von sechs bis 14 Jahren (mit MVV-Nutzung in den Sommerferien) bzw. zehn Euro f\u00fcr Jugendliche von 15 bis 17 Jahre (ohne MVV-Nutzung in den Sommerferien).<\/p>\n<p>\u00a0<\/p>\n<p>Landkreisb\u00fcrger k\u00f6nnen den Familienpass ebenso wie den Ferienpass im Landratsamt Freising (Information der Zulassungsstelle) sowie in den Gemeinden Eching (Rathaus) und Neufahrn (Beratungsstelle f\u00fcr Kinder, Jugendliche und Erwachsene) erwerben.<\/p>\n<p>\u00a0<\/p>\n<p>Die Information in der Zulassungsstelle des Landratsamts ist Montag und Mittwoch von 7.30 bis 14 Uhr, Dienstag und Donnerstag von 7.30 bis 16.30 Uhr sowie Freitag von 7.30 bis 12 Uhr ge\u00f6ffnet.<\/p>\n<p>\u00a0<\/p>\n","protected":false},"excerpt":{"rendered":"Der M\u00fcnchner Ferienpass ist schon seit einiger Zeit an der zentralen Information der Zulassungsstelle im Landratsamt Freising erh\u00e4ltlich.&hellip;\n","protected":false},"author":2,"featured_media":327525,"comment_status":"","ping_status":"","sticky":false,"template":"","format":"standard","meta":{"footnotes":""},"categories":[1827],"tags":[62954,772,29,92984,4532,15139,30,2225,1268,84746],"class_list":{"0":"post-327524","1":"post","2":"type-post","3":"status-publish","4":"format-standard","5":"has-post-thumbnail","7":"category-muenchen","8":"tag-ferienpass","9":"tag-bayern","10":"tag-deutschland","11":"tag-familienpass","12":"tag-ferien","13":"tag-freising","14":"tag-germany","15":"tag-landkreis","16":"tag-muenchen","17":"tag-zulassungsstelle"},"share_on_mastodon":{"url":"https:\/\/pubeurope.com\/@de\/114990553694209919","error":""},"_links":{"self":[{"href":"https:\/\/www.europesays.com\/de\/wp-json\/wp\/v2\/posts\/327524","targetHints":{"allow":["GET"]}}],"collection":[{"href":"https:\/\/www.europesays.com\/de\/wp-json\/wp\/v2\/posts"}],"about":[{"href":"https:\/\/www.europesays.com\/de\/wp-json\/wp\/v2\/types\/post"}],"author":[{"embeddable":true,"href":"https:\/\/www.europesays.com\/de\/wp-json\/wp\/v2\/users\/2"}],"replies":[{"embeddable":true,"href":"https:\/\/www.europesays.com\/de\/wp-json\/wp\/v2\/comments?post=327524"}],"version-history":[{"count":0,"href":"https:\/\/www.europesays.com\/de\/wp-json\/wp\/v2\/posts\/327524\/revisions"}],"wp:featuredmedia":[{"embeddable":true,"href":"https:\/\/www.europesays.com\/de\/wp-json\/wp\/v2\/media\/327525"}],"wp:attachment":[{"href":"https:\/\/www.europesays.com\/de\/wp-json\/wp\/v2\/media?parent=327524"}],"wp:term":[{"taxonomy":"category","embeddable":true,"href":"https:\/\/www.europesays.com\/de\/wp-json\/wp\/v2\/categories?post=327524"},{"taxonomy":"post_tag","embeddable":true,"href":"https:\/\/www.europesays.com\/de\/wp-json\/wp\/v2\/tags?post=327524"}],"curies":[{"name":"wp","href":"https:\/\/api.w.org\/{rel}","templated":true}]}}