{"id":327719,"date":"2025-08-08T03:21:09","date_gmt":"2025-08-08T03:21:09","guid":{"rendered":"https:\/\/www.europesays.com\/de\/327719\/"},"modified":"2025-08-08T03:21:09","modified_gmt":"2025-08-08T03:21:09","slug":"jagdschein-in-moenchengladbach-jungjaegerin-aus-rheydt","status":"publish","type":"post","link":"https:\/\/www.europesays.com\/de\/327719\/","title":{"rendered":"Jagdschein in M\u00f6nchengladbach: Jungj\u00e4gerin aus Rheydt"},"content":{"rendered":"<p class=\"text_ohne_einzug richtext text-em-55 !leading-serif mx-6 desktop:mx-0\">Auf ihrem Stundenplan standen neben Schie\u00dftraining auch Waffenkunde und Jagdrecht: Judith B\u00fcrkel aus Rheydt hat im April vergangenen Jahres ihren Jagdschein bestanden. Damit darf sie sich Jungj\u00e4gerin nennen. Diesen Titel tr\u00e4gt man in den ersten drei Jahren nach bestandener Pr\u00fcfung und L\u00f6sen des Jagdscheins, unabh\u00e4ngig vom Alter. Urspr\u00fcnglich habe sie sich zur Falknerin ausbilden lassen wollen, sagt die 26-J\u00e4hrige \u2013 daf\u00fcr ben\u00f6tigt man aber einen Jagdschein. \u201eGreifv\u00f6gel haben mich schon immer fasziniert, aber auch die Natur und das Leben im Wald allgemein\u201c, sagt B\u00fcrkel, die vor ihrer Schwangerschaft als Betreuerin f\u00fcr Sch\u00fcler gearbeitet hat. Um sich sp\u00e4ter zur Falknerin ausbilden zu lassen, habe sie sich kurzerhand f\u00fcr den Jagdschein angemeldet. <\/p>\n","protected":false},"excerpt":{"rendered":"Auf ihrem Stundenplan standen neben Schie\u00dftraining auch Waffenkunde und Jagdrecht: Judith B\u00fcrkel aus Rheydt hat im April vergangenen&hellip;\n","protected":false},"author":2,"featured_media":327720,"comment_status":"","ping_status":"","sticky":false,"template":"","format":"standard","meta":{"footnotes":""},"categories":[1849],"tags":[93014,3364,29,548,663,3934,30,13,93013,93012,1570,4455,14,15,1209,29330,79112,12,5867,4743],"class_list":{"0":"post-327719","1":"post","2":"type-post","3":"status-publish","4":"format-standard","5":"has-post-thumbnail","7":"category-moenchengladbach","8":"tag-affinitaet","9":"tag-de","10":"tag-deutschland","11":"tag-eu","12":"tag-europa","13":"tag-europe","14":"tag-germany","15":"tag-headlines","16":"tag-jagdschein","17":"tag-jungjaegerin","18":"tag-katharina","19":"tag-moenchengladbach","20":"tag-nachrichten","21":"tag-news","22":"tag-nordrhein-westfalen","23":"tag-rheydt","24":"tag-roos","25":"tag-schlagzeilen","26":"tag-text","27":"tag-waffen"},"share_on_mastodon":{"url":"https:\/\/pubeurope.com\/@de\/114990998140239745","error":""},"_links":{"self":[{"href":"https:\/\/www.europesays.com\/de\/wp-json\/wp\/v2\/posts\/327719","targetHints":{"allow":["GET"]}}],"collection":[{"href":"https:\/\/www.europesays.com\/de\/wp-json\/wp\/v2\/posts"}],"about":[{"href":"https:\/\/www.europesays.com\/de\/wp-json\/wp\/v2\/types\/post"}],"author":[{"embeddable":true,"href":"https:\/\/www.europesays.com\/de\/wp-json\/wp\/v2\/users\/2"}],"replies":[{"embeddable":true,"href":"https:\/\/www.europesays.com\/de\/wp-json\/wp\/v2\/comments?post=327719"}],"version-history":[{"count":0,"href":"https:\/\/www.europesays.com\/de\/wp-json\/wp\/v2\/posts\/327719\/revisions"}],"wp:featuredmedia":[{"embeddable":true,"href":"https:\/\/www.europesays.com\/de\/wp-json\/wp\/v2\/media\/327720"}],"wp:attachment":[{"href":"https:\/\/www.europesays.com\/de\/wp-json\/wp\/v2\/media?parent=327719"}],"wp:term":[{"taxonomy":"category","embeddable":true,"href":"https:\/\/www.europesays.com\/de\/wp-json\/wp\/v2\/categories?post=327719"},{"taxonomy":"post_tag","embeddable":true,"href":"https:\/\/www.europesays.com\/de\/wp-json\/wp\/v2\/tags?post=327719"}],"curies":[{"name":"wp","href":"https:\/\/api.w.org\/{rel}","templated":true}]}}