{"id":327858,"date":"2025-08-08T04:36:29","date_gmt":"2025-08-08T04:36:29","guid":{"rendered":"https:\/\/www.europesays.com\/de\/327858\/"},"modified":"2025-08-08T04:36:29","modified_gmt":"2025-08-08T04:36:29","slug":"razzia-in-mecklenburg-vorpommern-waffen-und-sprengstoff-bei-afd-politiker-sichergestellt","status":"publish","type":"post","link":"https:\/\/www.europesays.com\/de\/327858\/","title":{"rendered":"Razzia in Mecklenburg-Vorpommern: Waffen und Sprengstoff bei AfD-Politiker sichergestellt"},"content":{"rendered":"<p>                    Razzia in Mecklenburg-Vorpommern<br \/>\n                Waffen und Sprengstoff bei AfD-Politiker sichergestellt<\/p>\n<p>\t\t\t\t              07.08.2025, 16:03 Uhr<\/p>\n<p>\t\t\t\t\t       Artikel anh\u00f6ren<\/p>\n<p>\t\t\t\t\t\t\tDiese Audioversion wurde k\u00fcnstlich generiert. <a href=\"https:\/\/www.n-tv.de\/23249898\" target=\"_blank\" rel=\"noopener\">Mehr Infos<\/a><\/p>\n<p><strong>In Mecklenburg-Vorpommern durchsucht die Polizei das Wohnhaus eines AfD-Kreispolitikers und weitere Geb\u00e4ude. Dabei entdecken die Einsatzkr\u00e4fte mehrere scharfe Waffen und Sprengstoff in gr\u00f6\u00dferer Menge. Der Verd\u00e4chtige hat eine Erkl\u00e4rung f\u00fcr den Polizeieinsatz.<\/strong><\/p>\n<p>Die Polizei hat bei Durchsuchungen im S\u00fcdwesten Mecklenburg-Vorpommerns nach eigenen Angaben Waffen und Sprengstoff bei dem AfD-Politiker Philip Steinbeck sichergestellt. Steinbeck, der f\u00fcr die AfD im Kreistag von Ludwigslust-Parchim sitzt, schrieb auf Anfrage: &#8222;Schwarzpulver f\u00fcr Vorderlader ist kein Sprengstoff und Deko-Waffen sind keine Kriegswaffen!&#8220;. <\/p>\n<p>Eine Polizeisprecherin sagte, die Funde m\u00fcssten nun auf ihre strafrechtliche Relevanz untersucht werden, etwa inwiefern es sich um scharfe Waffen handelt. Am Mittwochabend hatte die Beh\u00f6rde \u00fcber Durchsuchungen in L\u00fcbtheen im Landkreis Ludwigslust-Parchim informiert. Die Rede war von einem 60-j\u00e4hrigen Tatverd\u00e4chtigen und vom Verdacht des unerlaubten Waffenbesitzes sowie des Versto\u00dfes gegen das Sprengstoffgesetz. <\/p>\n<p>Neben dem Wohngeb\u00e4ude des Mannes seien weitere Objekte durchsucht worden. Dabei seien mehrere scharfe Waffen gefunden worden, deren Besitz unter anderem gegen das Kriegswaffenkontrollgesetz versto\u00dfe. Auch Sprengstoff in gr\u00f6\u00dferer Menge sei sichergestellt worden. An dem Einsatz waren laut Polizei etwa 60 Beamte beteiligt, darunter Spezialkr\u00e4fte des Landeskriminalamtes. Auch Sprengstoffhunde sowie der Munitionsbergungsdienst waren demnach vor Ort. <\/p>\n<p>Steinbeck spricht von Bedrohungslage <\/p>\n<p>&#8222;Die Polizei ist hier tats\u00e4chlich nicht als mein Gegner&#8220;, schrieb Steinbeck. Sie gehe einer Bedrohungslage gegen ihn nach. &#8222;Seit Monaten gab es immer wieder Vorf\u00e4lle, die mir Anlass zur zunehmenden Sorge bereiteten.&#8220; Im April dieses Jahres war die Polizei nach eigenen Angaben bereits zu demselben Objekt gefahren. Der Hausbesitzer habe per Notruf zwei bewaffnete Einbrecher in seinem Haus gemeldet, schilderte die Polizei damals in einer Mitteilung.<\/p>\n<p>Eine Gefahrenlage konnte demnach nicht festgestellt werden. Der Hausbesitzer sei mit einer Pistole angetroffen worden, nach seinen Angaben zur Selbstverteidigung. Er sei kooperativ gewesen und habe die Waffe ausgeh\u00e4ndigt. Um Gefahren f\u00fcr sich selbst oder andere auszuschlie\u00dfen, wurden laut Polizei damals s\u00e4mtliche rechtm\u00e4\u00dfig eingetragenen Waffen des Sportsch\u00fctzen sichergestellt. <\/p>\n","protected":false},"excerpt":{"rendered":"Razzia in Mecklenburg-Vorpommern Waffen und Sprengstoff bei AfD-Politiker sichergestellt 07.08.2025, 16:03 Uhr Artikel anh\u00f6ren Diese Audioversion wurde k\u00fcnstlich&hellip;\n","protected":false},"author":2,"featured_media":327859,"comment_status":"","ping_status":"","sticky":false,"template":"","format":"standard","meta":{"footnotes":""},"categories":[5],"tags":[186,13,1351,14,15,16,121,1442,12,10,8,9,11,4743],"class_list":{"0":"post-327858","1":"post","2":"type-post","3":"status-publish","4":"format-standard","5":"has-post-thumbnail","7":"category-nachrichten","8":"tag-afd","9":"tag-headlines","10":"tag-mecklenburg-vorpommern","11":"tag-nachrichten","12":"tag-news","13":"tag-politik","14":"tag-polizei","15":"tag-razzia","16":"tag-schlagzeilen","17":"tag-top-news","18":"tag-top-meldungen","19":"tag-topmeldungen","20":"tag-topnews","21":"tag-waffen"},"share_on_mastodon":{"url":"https:\/\/pubeurope.com\/@de\/114991293534651398","error":""},"_links":{"self":[{"href":"https:\/\/www.europesays.com\/de\/wp-json\/wp\/v2\/posts\/327858","targetHints":{"allow":["GET"]}}],"collection":[{"href":"https:\/\/www.europesays.com\/de\/wp-json\/wp\/v2\/posts"}],"about":[{"href":"https:\/\/www.europesays.com\/de\/wp-json\/wp\/v2\/types\/post"}],"author":[{"embeddable":true,"href":"https:\/\/www.europesays.com\/de\/wp-json\/wp\/v2\/users\/2"}],"replies":[{"embeddable":true,"href":"https:\/\/www.europesays.com\/de\/wp-json\/wp\/v2\/comments?post=327858"}],"version-history":[{"count":0,"href":"https:\/\/www.europesays.com\/de\/wp-json\/wp\/v2\/posts\/327858\/revisions"}],"wp:featuredmedia":[{"embeddable":true,"href":"https:\/\/www.europesays.com\/de\/wp-json\/wp\/v2\/media\/327859"}],"wp:attachment":[{"href":"https:\/\/www.europesays.com\/de\/wp-json\/wp\/v2\/media?parent=327858"}],"wp:term":[{"taxonomy":"category","embeddable":true,"href":"https:\/\/www.europesays.com\/de\/wp-json\/wp\/v2\/categories?post=327858"},{"taxonomy":"post_tag","embeddable":true,"href":"https:\/\/www.europesays.com\/de\/wp-json\/wp\/v2\/tags?post=327858"}],"curies":[{"name":"wp","href":"https:\/\/api.w.org\/{rel}","templated":true}]}}