{"id":327921,"date":"2025-08-08T05:09:13","date_gmt":"2025-08-08T05:09:13","guid":{"rendered":"https:\/\/www.europesays.com\/de\/327921\/"},"modified":"2025-08-08T05:09:13","modified_gmt":"2025-08-08T05:09:13","slug":"fuenf-verletzte-nach-kellerbrand-in-moerser-mehrfamilienhaus","status":"publish","type":"post","link":"https:\/\/www.europesays.com\/de\/327921\/","title":{"rendered":"F\u00fcnf Verletzte nach Kellerbrand in Moerser Mehrfamilienhaus"},"content":{"rendered":"<p class=\"small date article__date\">Ver\u00f6ffentlicht:\u00a0Freitag, 08.08.2025 06:41<\/p>\n<p>In Moers hatte ein Kellerbrand verheerende Folgen: Das Haus war so verqualmt, dass die Feuerwehr mehrere Menschen retten musste. F\u00fcnf Bewohner wurden leicht verletzt.<\/p>\n<p><img decoding=\"async\" alt=\"\" src=\"https:\/\/www.europesays.com\/de\/wp-content\/uploads\/2025\/08\/_99a2121-1.jpg&#038;crop=0x0x6720x4200&#038;resize=1280x800&#038;dt=202404261322330.jpeg\" data-size=\"1280x800\"\/>\u00a9 FUNKE Foto Services \/ Kerstin B\u00f6geholz<\/p>\n<p>In Moers hat am Abend ein Mehrfamilienhaus auf der Karl-Hoffmeister-Stra\u00dfe gebrannt. F\u00fcnf Menschen wurden dabei leicht verletzt. Das Feuer war laut Polizei im Keller ausgebrochen. Die Ursache muss noch ermittelt werden. Durch den Brand entstand ein starker Qualm. Die Feuerwehr musste mehrere Bewohner aus dem Haus retten. Die f\u00fcnf Verletzten kamen mit Rettungswagen in umliegende Krankenh\u00e4user, konnten se aber nach ambulanter Behandlung wieder verlassen.<\/p>\n<p>Bewohner m\u00fcssen teils woanders unterkommen<\/p>\n<p>Teil des Mehrfamilienhauses sind nach dem Feuer unbewohnbar. Die betroffenen Bewohner sind bei Freunden oder Familienangeh\u00f6rigen untergekommen. Der Schaden l\u00e4sst sich laut Polizei noch nicht beziffern, liegt aber vermutlich im mittleren f\u00fcnfstelligen Bereich. Die Kriminalpolizei hat die Ermittlungen zur Brandursache aufgenommen.<\/p>\n","protected":false},"excerpt":{"rendered":"Ver\u00f6ffentlicht:\u00a0Freitag, 08.08.2025 06:41 In Moers hatte ein Kellerbrand verheerende Folgen: Das Haus war so verqualmt, dass die Feuerwehr&hellip;\n","protected":false},"author":2,"featured_media":327922,"comment_status":"","ping_status":"","sticky":false,"template":"","format":"standard","meta":{"footnotes":""},"categories":[1838],"tags":[3807,3364,29,3715,30,1209],"class_list":{"0":"post-327921","1":"post","2":"type-post","3":"status-publish","4":"format-standard","5":"has-post-thumbnail","7":"category-duisburg","8":"tag-moers","9":"tag-de","10":"tag-deutschland","11":"tag-duisburg","12":"tag-germany","13":"tag-nordrhein-westfalen"},"share_on_mastodon":{"url":"https:\/\/pubeurope.com\/@de\/114991422792822519","error":""},"_links":{"self":[{"href":"https:\/\/www.europesays.com\/de\/wp-json\/wp\/v2\/posts\/327921","targetHints":{"allow":["GET"]}}],"collection":[{"href":"https:\/\/www.europesays.com\/de\/wp-json\/wp\/v2\/posts"}],"about":[{"href":"https:\/\/www.europesays.com\/de\/wp-json\/wp\/v2\/types\/post"}],"author":[{"embeddable":true,"href":"https:\/\/www.europesays.com\/de\/wp-json\/wp\/v2\/users\/2"}],"replies":[{"embeddable":true,"href":"https:\/\/www.europesays.com\/de\/wp-json\/wp\/v2\/comments?post=327921"}],"version-history":[{"count":0,"href":"https:\/\/www.europesays.com\/de\/wp-json\/wp\/v2\/posts\/327921\/revisions"}],"wp:featuredmedia":[{"embeddable":true,"href":"https:\/\/www.europesays.com\/de\/wp-json\/wp\/v2\/media\/327922"}],"wp:attachment":[{"href":"https:\/\/www.europesays.com\/de\/wp-json\/wp\/v2\/media?parent=327921"}],"wp:term":[{"taxonomy":"category","embeddable":true,"href":"https:\/\/www.europesays.com\/de\/wp-json\/wp\/v2\/categories?post=327921"},{"taxonomy":"post_tag","embeddable":true,"href":"https:\/\/www.europesays.com\/de\/wp-json\/wp\/v2\/tags?post=327921"}],"curies":[{"name":"wp","href":"https:\/\/api.w.org\/{rel}","templated":true}]}}