{"id":328000,"date":"2025-08-08T05:55:11","date_gmt":"2025-08-08T05:55:11","guid":{"rendered":"https:\/\/www.europesays.com\/de\/328000\/"},"modified":"2025-08-08T05:55:11","modified_gmt":"2025-08-08T05:55:11","slug":"aktie-des-herstellers-stuerzt-ab-trump-zoelle-treffen-crocs-ins-mark","status":"publish","type":"post","link":"https:\/\/www.europesays.com\/de\/328000\/","title":{"rendered":"Aktie des Herstellers st\u00fcrzt ab: Trump-Z\u00f6lle treffen Crocs ins Mark"},"content":{"rendered":"<p>                    Aktie des Herstellers st\u00fcrzt ab<br \/>\n                Trump-Z\u00f6lle treffen Crocs ins Mark<\/p>\n<p>\t\t\t\t              08.08.2025, 06:55 Uhr<\/p>\n<p>\t\t\t\t\t       Artikel anh\u00f6ren<\/p>\n<p>\t\t\t\t\t\t\tDiese Audioversion wurde k\u00fcnstlich generiert. <a href=\"https:\/\/www.n-tv.de\/23249898\" target=\"_blank\" rel=\"noopener\">Mehr Infos<\/a><\/p>\n<p><strong>Die Macher der Crocs-Gummischuhe sehen die Kauflust der US-Verbraucher schwinden und leiden unter Donald Trumps Importz\u00f6llen. Angesichts zahlreicher Sport-Gro\u00dfevents sieht die Zukunft d\u00fcster aus.<\/strong><\/p>\n<p>Die US-Firma hinter den Crocs-Gummischuhen hat an einem Tag fast 30 Prozent ihres Werts verloren. Ausl\u00f6ser f\u00fcr den Kurseinbruch war vor allem die \u00fcberraschende Prognose eines Umsatzr\u00fcckgangs von neun bis elf Prozent im laufenden Quartal. Crocs-Chef Andrew Rees sagte zudem in einer Telefonkonferenz mit Analysten, US-Verbraucher verhielten sich insgesamt zur\u00fcckhaltend bei nicht unbedingt notwendigen Ausgaben.<\/p>\n<p>  <a title=\"CROCS INC. REGISTERED SHARES DL-,001\" href=\"https:\/\/www.n-tv.de\/boersenkurse\/aktien\/crocs inc dl-001-US2270461096\" target=\"_blank\" rel=\"noopener\">  <img decoding=\"async\" src=\"https:\/\/www.europesays.com\/de\/wp-content\/uploads\/2025\/08\/1754632511_772_chartNG.gfn\" alt=\"Crocs\" class=\"space__strech lazyload\"\/>    <strong>Crocs<\/strong>  66,00  <\/a>  <\/p>\n<p>&#8222;Sie kaufen nicht ein, sie gehen nicht einmal in die L\u00e4den&#8220;, sagte Rees. Als Konsequenz m\u00fcsse man nun Rabattaktionen zur\u00fcckfahren. Crocs rechnet mit einer Belastung von 40 Millionen Dollar in der zweiten Jahresh\u00e4lfte durch die Importz\u00f6lle von US-Pr\u00e4sident Donald Trump. Sorgen um m\u00f6gliche Preiserh\u00f6hungen k\u00f6nnten die Kauflust der Verbraucher noch weiter bremsen, warnte Rees. Zugleich rechnet er damit, dass in den USA mit der Fu\u00dfball-WM 2026 und den Olympischen Spielen 2028 in Los Angeles klassische Sportschuhe popul\u00e4rer werden. <\/p>\n<p>Die Crocs-Aktie schloss den Handelstag mit einem Minus von 29,24 Prozent ab. In einer Gegenreaktion im nachb\u00f6rslichen Handel ging es dann um gut drei Prozent aufw\u00e4rts.<\/p>\n<p>Im vergangenen Quartal stiegen die Erl\u00f6se der Firma, zu der auch die Marke Heydude geh\u00f6rt, im Jahresvergleich um 3,4 Prozent auf rund 1,15 Milliarden Dollar (knapp eine Milliarde Euro). Unterm Strich gab es einen Verlust von gut 492 Millionen Dollar, der vor allem durch Abschreibungen auf den Markenwert von Heydude ausgel\u00f6st wurde. Im Vorjahresquartal stand noch ein Gewinn von knapp 229 Millionen Dollar in den B\u00fcchern.<\/p>\n","protected":false},"excerpt":{"rendered":"Aktie des Herstellers st\u00fcrzt ab Trump-Z\u00f6lle treffen Crocs ins Mark 08.08.2025, 06:55 Uhr Artikel anh\u00f6ren Diese Audioversion wurde&hellip;\n","protected":false},"author":2,"featured_media":328001,"comment_status":"","ping_status":"","sticky":false,"template":"","format":"standard","meta":{"footnotes":""},"categories":[134],"tags":[11713,175,170,169,29,30,171,174,28947,173,172,55],"class_list":{"0":"post-328000","1":"post","2":"type-post","3":"status-publish","4":"format-standard","5":"has-post-thumbnail","7":"category-unternehmen-maerkte","8":"tag-aktienhandel","9":"tag-business","10":"tag-companies","11":"tag-companies-markets","12":"tag-deutschland","13":"tag-germany","14":"tag-markets","15":"tag-maerkte","16":"tag-textilindustrie","17":"tag-unternehmen","18":"tag-unternehmen-maerkte","19":"tag-wirtschaft"},"share_on_mastodon":{"url":"https:\/\/pubeurope.com\/@de\/114991603708656825","error":""},"_links":{"self":[{"href":"https:\/\/www.europesays.com\/de\/wp-json\/wp\/v2\/posts\/328000","targetHints":{"allow":["GET"]}}],"collection":[{"href":"https:\/\/www.europesays.com\/de\/wp-json\/wp\/v2\/posts"}],"about":[{"href":"https:\/\/www.europesays.com\/de\/wp-json\/wp\/v2\/types\/post"}],"author":[{"embeddable":true,"href":"https:\/\/www.europesays.com\/de\/wp-json\/wp\/v2\/users\/2"}],"replies":[{"embeddable":true,"href":"https:\/\/www.europesays.com\/de\/wp-json\/wp\/v2\/comments?post=328000"}],"version-history":[{"count":0,"href":"https:\/\/www.europesays.com\/de\/wp-json\/wp\/v2\/posts\/328000\/revisions"}],"wp:featuredmedia":[{"embeddable":true,"href":"https:\/\/www.europesays.com\/de\/wp-json\/wp\/v2\/media\/328001"}],"wp:attachment":[{"href":"https:\/\/www.europesays.com\/de\/wp-json\/wp\/v2\/media?parent=328000"}],"wp:term":[{"taxonomy":"category","embeddable":true,"href":"https:\/\/www.europesays.com\/de\/wp-json\/wp\/v2\/categories?post=328000"},{"taxonomy":"post_tag","embeddable":true,"href":"https:\/\/www.europesays.com\/de\/wp-json\/wp\/v2\/tags?post=328000"}],"curies":[{"name":"wp","href":"https:\/\/api.w.org\/{rel}","templated":true}]}}