{"id":328195,"date":"2025-08-08T07:45:12","date_gmt":"2025-08-08T07:45:12","guid":{"rendered":"https:\/\/www.europesays.com\/de\/328195\/"},"modified":"2025-08-08T07:45:12","modified_gmt":"2025-08-08T07:45:12","slug":"schoenheitskoenigin-im-bild-miss-europe-beatrice-turin-aus-seyring-wird-jetzt-zum-kunstobjekt","status":"publish","type":"post","link":"https:\/\/www.europesays.com\/de\/328195\/","title":{"rendered":"Sch\u00f6nheitsk\u00f6nigin im Bild &#8211; Miss Europe Beatrice Turin aus Seyring wird jetzt zum Kunstobjekt"},"content":{"rendered":"<p>        <img decoding=\"async\" src=\"https:\/\/www.europesays.com\/de\/wp-content\/uploads\/2025\/08\/img-8PVmNgfMaI5jlvWj.jpeg\" data-fullscreen-src=\"https:\/\/www.noen.at\/image\/3840x0-jpg\/5963070\/img-8PVmNgfMaI5jlvWj.jpeg\" bad-src=\"https:\/\/www.europesays.com\/de\/wp-content\/uploads\/2025\/08\/img-8PVmNgfMaI5jlvWj.jpeg\" data-teaser-member=\"image\" alt=\"Beatrice Turin Kunstobjekt\"\/><\/p>\n<p>\n                Der Wiener K\u00fcnstler Philipp Lepik hat Beauty-Queen Beatrice Turin im Pop-Art-Stil verewigt             <\/p>\n<p>\n                Foto:<br \/>\n                Privat                            <\/p>\n<p>\n        <strong>B<\/strong>eatrice Turin, amtierende Miss Europe, hat nicht nur eine Krone auf dem Kopf, sondern jetzt auch einen Platz in der zeitgen\u00f6ssischen Kunstszene \u2013 und zwar knallbunt, laut und mit Hochglanz-Finish.     <\/p>\n<p>Der erst 23-j\u00e4hrige Wiener K\u00fcnstler Philipp Lepik hat Beauty-Queen Beatrice Turin im Pop-Art-Stil verewigt und sorgt damit f\u00fcr Aufsehen in der Society- und Kunstwelt gleicherma\u00dfen. Lepik, ein echtes \u201eWiener Original\u201c mit polnischen Wurzeln, ist bekannt daf\u00fcr, Ikonen unserer Zeit in seinem markanten Stil einzufangen. Sein Ziel: den Zeitgeist auf Leinwand bannen. \u201eBeatrice ist f\u00fcr mich mehr als nur eine Sch\u00f6nheitsk\u00f6nigin \u2013 sie steht f\u00fcr Eleganz, Selbstbewusstsein und europ\u00e4ische Vielfalt\u201c, erkl\u00e4rt der K\u00fcnstler.<\/p>\n","protected":false},"excerpt":{"rendered":"Der Wiener K\u00fcnstler Philipp Lepik hat Beauty-Queen Beatrice Turin im Pop-Art-Stil verewigt Foto: Privat Beatrice Turin, amtierende Miss&hellip;\n","protected":false},"author":2,"featured_media":328196,"comment_status":"","ping_status":"","sticky":false,"template":"","format":"standard","meta":{"footnotes":""},"categories":[3933],"tags":[331,332,51279,93113,548,663,158,3934,3935,13,51278,14,15,12,51280],"class_list":{"0":"post-328195","1":"post","2":"type-post","3":"status-publish","4":"format-standard","5":"has-post-thumbnail","7":"category-eu","8":"tag-aktuelle-nachrichten","9":"tag-aktuelle-news","10":"tag-beatrice-turin","11":"tag-beatrice-turin-als-kunstwerk","12":"tag-eu","13":"tag-europa","14":"tag-europaeische-union","15":"tag-europe","16":"tag-european-union","17":"tag-headlines","18":"tag-miss-europe","19":"tag-nachrichten","20":"tag-news","21":"tag-schlagzeilen","22":"tag-seyring"},"share_on_mastodon":{"url":"https:\/\/pubeurope.com\/@de\/114992036426983457","error":""},"_links":{"self":[{"href":"https:\/\/www.europesays.com\/de\/wp-json\/wp\/v2\/posts\/328195","targetHints":{"allow":["GET"]}}],"collection":[{"href":"https:\/\/www.europesays.com\/de\/wp-json\/wp\/v2\/posts"}],"about":[{"href":"https:\/\/www.europesays.com\/de\/wp-json\/wp\/v2\/types\/post"}],"author":[{"embeddable":true,"href":"https:\/\/www.europesays.com\/de\/wp-json\/wp\/v2\/users\/2"}],"replies":[{"embeddable":true,"href":"https:\/\/www.europesays.com\/de\/wp-json\/wp\/v2\/comments?post=328195"}],"version-history":[{"count":0,"href":"https:\/\/www.europesays.com\/de\/wp-json\/wp\/v2\/posts\/328195\/revisions"}],"wp:featuredmedia":[{"embeddable":true,"href":"https:\/\/www.europesays.com\/de\/wp-json\/wp\/v2\/media\/328196"}],"wp:attachment":[{"href":"https:\/\/www.europesays.com\/de\/wp-json\/wp\/v2\/media?parent=328195"}],"wp:term":[{"taxonomy":"category","embeddable":true,"href":"https:\/\/www.europesays.com\/de\/wp-json\/wp\/v2\/categories?post=328195"},{"taxonomy":"post_tag","embeddable":true,"href":"https:\/\/www.europesays.com\/de\/wp-json\/wp\/v2\/tags?post=328195"}],"curies":[{"name":"wp","href":"https:\/\/api.w.org\/{rel}","templated":true}]}}