{"id":32821,"date":"2025-04-15T03:08:17","date_gmt":"2025-04-15T03:08:17","guid":{"rendered":"https:\/\/www.europesays.com\/de\/32821\/"},"modified":"2025-04-15T03:08:17","modified_gmt":"2025-04-15T03:08:17","slug":"knappe-niederlage-fuer-1-fc-gievenbeck-gegen-rot-weiss-ahlen","status":"publish","type":"post","link":"https:\/\/www.europesays.com\/de\/32821\/","title":{"rendered":"Knappe Niederlage f\u00fcr 1. FC Gievenbeck gegen Rot Weiss Ahlen"},"content":{"rendered":"<p>                                Spielinfos:<br \/>\nDatum &amp; Uhrzeit: 13.04.2025 15.00 Uhr<br \/>Austragungsort: Ahlen<br \/>Wettbewerb: Oberliga Westfalen<br \/>Spieltag: 30<\/p>\n<p>Spielbericht: Rot Weiss Ahlen gegen 1. FC Gievenbeck 2:1 (0:0)<\/p>\n<p id=\"absatz2\" class=\"em_text\">Ahlen. Ein mitrei\u00dfendes Kopf-an-Kopf-Rennen bietet sich den 384 Zuschauern im Ahlener Wersestadion am Sonntag.<\/p>\n<p id=\"absatz4\" class=\"em_text\">In der ersten Halbzeit schafft es kein Ball hinter die Linie und die Teams gehen unentschieden in die Pause. Auch die zweite Spielh\u00e4lfte startet erstmal nicht von Erfolg gekr\u00f6nt bis es dann doch schlie\u00dflich gelingt. Marvin Pourie erzielt den ersten Treffer und verschafft den Hausherren in Spielminute 75 die Oberhand. Direkt im Anschluss klingelt es schon wieder im Kasten. Wir sehen das Gegentor durch Louis Elias Martin (81).<\/p>\n<p id=\"absatz5\" class=\"em_text\">In den letzten Minuten versuchen die Gievenbecker durch Auswechslung nochmal frische Energie aufs Feld zu bringen. Auf der Gastseite springt Piet Br\u00e4unig f\u00fcr Sven R\u00fcschenschmidt-Sickmann ein. Die Bem\u00fchungen bleiben jedoch fruchtlos.<\/p>\n<p id=\"absatz6\" class=\"em_text\">Den Ahlenern gelingt es ganz knapp vor Ende der Partie, das Match f\u00fcr sich zu entscheiden. Can Yahya Moustfa kann in der letzten Minute mit Erfolg abschlie\u00dfen und verhilft dem Verein zum Sieg. Die Gievenbecker rutschten auf Platz neun ab.<\/p>\n<p>Die Aufstellungen: Rot Weiss Ahlen &#8211; 1. FC Gievenbeck<br \/>\nRot Weiss Ahlen: Marvin Pourie (13), Davin W\u00f6stmann (27), Bruno Gabriel Soares (14), Mike Pihl (19), Alexander Hahnemann (1), Tim Walter Breuer (2), Denzel-Kwaku Kwakye Tawiah (5), Murat Keskinkilic (23), Emanuel de Lemos (11), Can Yahya Moustfa (28), Kilian Hornbruch (22)<\/p>\n<p id=\"absatz7\" class=\"em_text\">FC Gievenbeck: Marvin Holtmann (26), Nico Eschhaus (1), Yoost Diezemann (37), Jonas Tepper (2), Kerolos Makkar (16), Julian Conze (27), Benedikt Hubert Wilhelm Fallbrock (42), Niklas Beil (12), Philip R\u00f6he (4), Sven R\u00fcschenschmidt-Sickmann (6), Gentrit Muja (34)<\/p>\n<p id=\"absatz8\" class=\"em_text\">Schiedsrichter: Niklas Simpson<\/p>\n<p id=\"absatz9\" class=\"em_text\">Assistent: Sascha-Jens Tysiak<\/p>\n<p id=\"absatz10\" class=\"em_text\">Assistent: Dmitri Trahtenberg<\/p>\n<p id=\"absatz11\" class=\"em_text\" style=\"font-size: .8em;\">Die Inhalte dieses Berichts wurden automatisch auf der Basis von DFB-Daten zusammengestellt.<\/p>\n","protected":false},"excerpt":{"rendered":"Spielinfos: Datum &amp; Uhrzeit: 13.04.2025 15.00 UhrAustragungsort: AhlenWettbewerb: Oberliga WestfalenSpieltag: 30 Spielbericht: Rot Weiss Ahlen gegen 1. FC&hellip;\n","protected":false},"author":2,"featured_media":32822,"comment_status":"","ping_status":"","sticky":false,"template":"","format":"standard","meta":{"footnotes":""},"categories":[1843],"tags":[17783,17788,3364,29,5282,30,17786,17784,17785,734,7774,1613,8970,17781,1209,12006,17782,17712,7773,7765,17787,8404],"class_list":{"0":"post-32821","1":"post","2":"type-post","3":"status-publish","4":"format-standard","5":"has-post-thumbnail","7":"category-muenster","8":"tag-1-fc-gievenbeck","9":"tag-ahlen","10":"tag-de","11":"tag-deutschland","12":"tag-fuball","13":"tag-germany","14":"tag-gievenbeck","15":"tag-louis-elias-martin","16":"tag-marvin-pourie","17":"tag-meta_artikelklasse_nachricht","18":"tag-meta_themen_sport","19":"tag-meta_userneeds_informieremich","20":"tag-muenster","21":"tag-niederlage","22":"tag-nordrhein-westfalen","23":"tag-oberliga","24":"tag-rot-weiss-ahlen","25":"tag-serie_ligaid_210198","26":"tag-serie_ligaid_all","27":"tag-spielinfo","28":"tag-wersestadion","29":"tag-westfalen"},"share_on_mastodon":{"url":"https:\/\/pubeurope.com\/@de\/114339781207090326","error":""},"_links":{"self":[{"href":"https:\/\/www.europesays.com\/de\/wp-json\/wp\/v2\/posts\/32821","targetHints":{"allow":["GET"]}}],"collection":[{"href":"https:\/\/www.europesays.com\/de\/wp-json\/wp\/v2\/posts"}],"about":[{"href":"https:\/\/www.europesays.com\/de\/wp-json\/wp\/v2\/types\/post"}],"author":[{"embeddable":true,"href":"https:\/\/www.europesays.com\/de\/wp-json\/wp\/v2\/users\/2"}],"replies":[{"embeddable":true,"href":"https:\/\/www.europesays.com\/de\/wp-json\/wp\/v2\/comments?post=32821"}],"version-history":[{"count":0,"href":"https:\/\/www.europesays.com\/de\/wp-json\/wp\/v2\/posts\/32821\/revisions"}],"wp:featuredmedia":[{"embeddable":true,"href":"https:\/\/www.europesays.com\/de\/wp-json\/wp\/v2\/media\/32822"}],"wp:attachment":[{"href":"https:\/\/www.europesays.com\/de\/wp-json\/wp\/v2\/media?parent=32821"}],"wp:term":[{"taxonomy":"category","embeddable":true,"href":"https:\/\/www.europesays.com\/de\/wp-json\/wp\/v2\/categories?post=32821"},{"taxonomy":"post_tag","embeddable":true,"href":"https:\/\/www.europesays.com\/de\/wp-json\/wp\/v2\/tags?post=32821"}],"curies":[{"name":"wp","href":"https:\/\/api.w.org\/{rel}","templated":true}]}}