{"id":328315,"date":"2025-08-08T08:53:10","date_gmt":"2025-08-08T08:53:10","guid":{"rendered":"https:\/\/www.europesays.com\/de\/328315\/"},"modified":"2025-08-08T08:53:10","modified_gmt":"2025-08-08T08:53:10","slug":"baden-wuerttemberg-verfeindete-grossfamilien-razzien-im-kreis-karlsruhe","status":"publish","type":"post","link":"https:\/\/www.europesays.com\/de\/328315\/","title":{"rendered":"Baden-W\u00fcrttemberg: Verfeindete Gro\u00dffamilien &#8211; Razzien im Kreis Karlsruhe"},"content":{"rendered":"<p>                    Baden-W\u00fcrttemberg<br \/>\n                Verfeindete Gro\u00dffamilien &#8211; Razzien im Kreis Karlsruhe<\/p>\n<p>\t\t\t\t              08.08.2025, 10:47 Uhr<\/p>\n<p><strong>Immer wieder kommt es im Kreis Karlsruhe zu Auseinandersetzungen zwischen zwei Familien. Die Beh\u00f6rden greifen ein und starten eine gro\u00dfangelegte Aktion.<\/strong><\/p>\n<p>Bruchsal (dpa\/lsw) &#8211; Wegen zweier verfeindeter Gro\u00dffamilien haben die Beh\u00f6rden in Bruchsal Dutzende Menschen kontrolliert und mehrere Gastst\u00e4tten durchsucht. Dabei seien zwei Schreckschuss- und Gasdruckwaffen sowie ein Schlagstock und ein Beil sichergestellt worden, teilte die Polizei mit. Vier Menschen wurden demnach vor\u00fcbergehend in Gewahrsam genommen. Zudem zogen die Ermittler vier Kilogramm unversteuerten Tabak ein.\u00a0<\/p>\n<p>Die Familien h\u00e4tten in der Vergangenheit mehrmals miteinander gestritten und sich teilweise gegenseitig angegriffen, hie\u00df es. Erst vergangenen Freitag habe die Polizei eine erneute Eskalation verhindert. Daraufhin wurden am Donnerstagabend sechs Gastst\u00e4tten der Familien sowie mehr als 70 Menschen von der Polizei, dem Ordnungs-, Landrats und dem Hauptzollamt kontrolliert.<\/p>\n","protected":false},"excerpt":{"rendered":"Baden-W\u00fcrttemberg Verfeindete Gro\u00dffamilien &#8211; Razzien im Kreis Karlsruhe 08.08.2025, 10:47 Uhr Immer wieder kommt es im Kreis Karlsruhe&hellip;\n","protected":false},"author":2,"featured_media":328316,"comment_status":"","ping_status":"","sticky":false,"template":"","format":"standard","meta":{"footnotes":""},"categories":[1844],"tags":[1634,3364,29,30,93128,8903,7739,20693,93127],"class_list":{"0":"post-328315","1":"post","2":"type-post","3":"status-publish","4":"format-standard","5":"has-post-thumbnail","7":"category-karlsruhe","8":"tag-baden-wuerttemberg","9":"tag-de","10":"tag-deutschland","11":"tag-germany","12":"tag-grofamilien","13":"tag-karlsruhe","14":"tag-kreis","15":"tag-razzien","16":"tag-verfeindete"},"share_on_mastodon":{"url":"https:\/\/pubeurope.com\/@de\/114992303509145389","error":""},"_links":{"self":[{"href":"https:\/\/www.europesays.com\/de\/wp-json\/wp\/v2\/posts\/328315","targetHints":{"allow":["GET"]}}],"collection":[{"href":"https:\/\/www.europesays.com\/de\/wp-json\/wp\/v2\/posts"}],"about":[{"href":"https:\/\/www.europesays.com\/de\/wp-json\/wp\/v2\/types\/post"}],"author":[{"embeddable":true,"href":"https:\/\/www.europesays.com\/de\/wp-json\/wp\/v2\/users\/2"}],"replies":[{"embeddable":true,"href":"https:\/\/www.europesays.com\/de\/wp-json\/wp\/v2\/comments?post=328315"}],"version-history":[{"count":0,"href":"https:\/\/www.europesays.com\/de\/wp-json\/wp\/v2\/posts\/328315\/revisions"}],"wp:featuredmedia":[{"embeddable":true,"href":"https:\/\/www.europesays.com\/de\/wp-json\/wp\/v2\/media\/328316"}],"wp:attachment":[{"href":"https:\/\/www.europesays.com\/de\/wp-json\/wp\/v2\/media?parent=328315"}],"wp:term":[{"taxonomy":"category","embeddable":true,"href":"https:\/\/www.europesays.com\/de\/wp-json\/wp\/v2\/categories?post=328315"},{"taxonomy":"post_tag","embeddable":true,"href":"https:\/\/www.europesays.com\/de\/wp-json\/wp\/v2\/tags?post=328315"}],"curies":[{"name":"wp","href":"https:\/\/api.w.org\/{rel}","templated":true}]}}