{"id":328390,"date":"2025-08-08T09:33:12","date_gmt":"2025-08-08T09:33:12","guid":{"rendered":"https:\/\/www.europesays.com\/de\/328390\/"},"modified":"2025-08-08T09:33:12","modified_gmt":"2025-08-08T09:33:12","slug":"gescheiterter-raub-in-stuttgart-polizei-nimmt-mann-am-hauptbahnhof-fest-nachrichten-aus-stuttgart","status":"publish","type":"post","link":"https:\/\/www.europesays.com\/de\/328390\/","title":{"rendered":"Gescheiterter Raub in Stuttgart: Polizei nimmt Mann am Hauptbahnhof fest &#8211; Nachrichten aus Stuttgart"},"content":{"rendered":"<p><strong>Stuttgart.<\/strong> Ein 29-j\u00e4hriger Mann steht im Verdacht, in <a href=\"https:\/\/www.zvw.de\/stuttgart-region\/\" rel=\"noopener\" target=\"_blank\">Stuttgart<\/a> einen 22 Jahre alten Passanten ausrauben zu wollen. Die Polizei hat den Mann am Freitag (08.08.) am Hauptbahnhof festgenommen.<\/p>\n<p><a class=\"nfy-teaser nfy-ar-teaser\" id=\"nfy-teaser-inline\" data-upscore-url=\"\" href=\"https:\/\/www.zvw.de\/blaulicht\/schorndorf-14-j%C3%A4hriger-auf-motorroller-leistet-sich-verfolgungsjagd-mit-polizei_arid-985619?utm_source=empfehlungslink&amp;utm_campaign=empfehlungslink\" data-upscore-object-id=\"985619\" target=\"_blank\" rel=\"noopener\"><img loading=\"lazy\" decoding=\"async\" src=\"\/cms_media\/module_img\/6871\/3435536_3_gridmobile_30157351.jpeg\" alt=\"Polizei Blaulicht Symbolfoto\" width=\"370\" height=\"229\" class=\"lazyload\" data-tmpl=\"gridmobile\"\/><img loading=\"lazy\" decoding=\"async\" src=\"https:\/\/www.europesays.com\/de\/wp-content\/uploads\/2025\/04\/icon_zvwplus.png\" width=\"75\" height=\"15\" alt=\"ZVW Plus Artikel\"\/> BlaulichtSchorndorf: 14-J\u00e4hriger auf Motorroller leistet sich Verfolgungsjagd mit Polizei<\/a><br \/>\nTatverd\u00e4chtiger bei\u00dft Passanten in den Arm<\/p>\n<p>Er soll den 22-j\u00e4hrigen Passanten gegen 3 Uhr nachts im Bereich des Schlossplatzes angesprochen haben. Laut Angaben der Polizei forderte er nach dem Handy des Mannes, damit er telefonieren k\u00f6nne. Der 22-J\u00e4hrige weigerte sich jedoch und setzte seinen Weg in Richtung Hauptbahnhof fort. Der 29-J\u00e4hrige folgte dem Mann und forderte anschlie\u00dfend nach dem Schl\u00fcsselbund, welchen der 22-J\u00e4hrige in der Hand hielt. Auch dagegen wehrte sich der Mann. Schlie\u00dflich versuchte der Tatverd\u00e4chtige mit Gewalt an den Schl\u00fcssel sowie an eine Armbanduhr zu kommen. Er biss dem 22-J\u00e4hrigen schlie\u00dflich in den Arm.<\/p>\n<p>Mann wird am Hauptbahnhof festgenommen<\/p>\n<p>Die Polizei konnte den Mann kurze Zeit sp\u00e4ter an der Bushaltestelle Arnulf-Klett-Platz festnehmen. Der 22-J\u00e4hrige wurde vorsorglich in ein Krankenhaus gebracht. Wie die Polizei mitteilt, wird der 29-j\u00e4hrige Tatverd\u00e4chtige mit gambischer Staatsangeh\u00f6rigkeit im Laufe des Freitags auf Antrag der Staatsanwaltschaft Stuttgart einem Haftrichter vorgef\u00fchrt.<\/p>\n","protected":false},"excerpt":{"rendered":"Stuttgart. Ein 29-j\u00e4hriger Mann steht im Verdacht, in Stuttgart einen 22 Jahre alten Passanten ausrauben zu wollen. Die&hellip;\n","protected":false},"author":2,"featured_media":328391,"comment_status":"","ping_status":"","sticky":false,"template":"","format":"standard","meta":{"footnotes":""},"categories":[1830],"tags":[1634,1950,3364,29,980,30,121,4576,1441],"class_list":{"0":"post-328390","1":"post","2":"type-post","3":"status-publish","4":"format-standard","5":"has-post-thumbnail","7":"category-stuttgart","8":"tag-baden-wuerttemberg","9":"tag-blaulicht","10":"tag-de","11":"tag-deutschland","12":"tag-festnahme","13":"tag-germany","14":"tag-polizei","15":"tag-raub","16":"tag-stuttgart"},"share_on_mastodon":{"url":"https:\/\/pubeurope.com\/@de\/114992460908052381","error":""},"_links":{"self":[{"href":"https:\/\/www.europesays.com\/de\/wp-json\/wp\/v2\/posts\/328390","targetHints":{"allow":["GET"]}}],"collection":[{"href":"https:\/\/www.europesays.com\/de\/wp-json\/wp\/v2\/posts"}],"about":[{"href":"https:\/\/www.europesays.com\/de\/wp-json\/wp\/v2\/types\/post"}],"author":[{"embeddable":true,"href":"https:\/\/www.europesays.com\/de\/wp-json\/wp\/v2\/users\/2"}],"replies":[{"embeddable":true,"href":"https:\/\/www.europesays.com\/de\/wp-json\/wp\/v2\/comments?post=328390"}],"version-history":[{"count":0,"href":"https:\/\/www.europesays.com\/de\/wp-json\/wp\/v2\/posts\/328390\/revisions"}],"wp:featuredmedia":[{"embeddable":true,"href":"https:\/\/www.europesays.com\/de\/wp-json\/wp\/v2\/media\/328391"}],"wp:attachment":[{"href":"https:\/\/www.europesays.com\/de\/wp-json\/wp\/v2\/media?parent=328390"}],"wp:term":[{"taxonomy":"category","embeddable":true,"href":"https:\/\/www.europesays.com\/de\/wp-json\/wp\/v2\/categories?post=328390"},{"taxonomy":"post_tag","embeddable":true,"href":"https:\/\/www.europesays.com\/de\/wp-json\/wp\/v2\/tags?post=328390"}],"curies":[{"name":"wp","href":"https:\/\/api.w.org\/{rel}","templated":true}]}}