{"id":328598,"date":"2025-08-08T11:22:13","date_gmt":"2025-08-08T11:22:13","guid":{"rendered":"https:\/\/www.europesays.com\/de\/328598\/"},"modified":"2025-08-08T11:22:13","modified_gmt":"2025-08-08T11:22:13","slug":"entwicklungsministerium-von-den-tagesthemen-ins-ministerium-aline-abboud-startet-neue-laufbahn-in-der-politik","status":"publish","type":"post","link":"https:\/\/www.europesays.com\/de\/328598\/","title":{"rendered":"Entwicklungsministerium: Von den \u201eTagesthemen\u201c ins Ministerium \u2013 Aline Abboud startet neue Laufbahn in der Politik"},"content":{"rendered":"<p class=\"is-first-paragraph\" data-external=\"Article.FirstParagraph\">Aline Abboud wechselt auf die andere Seite. Wie die \u201e<a class=\"is-link c-block-items__link is-external c-link--rich-text-renderer\" href=\"https:\/\/www.morgenpost.de\/politik\/article409691951\/aline-abboud-ex-tagesthemen-sprecherin-geht-in-die-politik.html\" title=\"(Link wird in einem neuen Tab ge\u00f6ffnet)\" rel=\"nofollow noopener\" data-internal-tracking-enabled=\"true\" data-internal-tracking=\"{&quot;action&quot;:&quot;click&quot;,&quot;label&quot;:&quot;link&quot;,&quot;name&quot;:&quot;Inline Element&quot;,&quot;data&quot;:{&quot;source&quot;:&quot;&quot;,&quot;target&quot;:&quot;https:\/\/www.morgenpost.de\/politik\/article409691951\/aline-abboud-ex-tagesthemen-sprecherin-geht-in-die-politik.html&quot;,&quot;trackingName&quot;:&quot;&quot;,&quot;trackingLabel&quot;:&quot;&quot;}}\" target=\"_blank\">Berliner Morgenpost<\/a>\u201c berichtet, verst\u00e4rkt die Ex-\u201eTagesthemen\u201c-Moderatorin zuk\u00fcnftig das Bundesentwicklungsministerium. Dort wird sie als Sprecherin der SPD-Politikerin Reem Alabali Radovan mitwirken.<\/p>\n<p>Die 37-J\u00e4hrige arbeitete seit 2016 als Reporterin f\u00fcr verschiedene ZDF-Formate wie \u201eheute XPress\u201c oder \u201eauslandsjournal\u201c. Von 2021 bis 2024 war sie Teil des Moderatorenteams der \u201e<a class=\"is-link c-block-items__link c-link--rich-text-renderer\" href=\"https:\/\/www.welt.de\/vermischtes\/article254668492\/ARD-Tagesthemen-Aline-Abboud-hoert-als-Nachrichten-Moderatorin-auf.html\" data-internal-tracking-enabled=\"true\" data-internal-tracking=\"{&quot;action&quot;:&quot;click&quot;,&quot;label&quot;:&quot;link&quot;,&quot;name&quot;:&quot;Inline Element&quot;,&quot;data&quot;:{&quot;source&quot;:&quot;&quot;,&quot;target&quot;:&quot;https:\/\/www.welt.de\/vermischtes\/article254668492\/ARD-Tagesthemen-Aline-Abboud-hoert-als-Nachrichten-Moderatorin-auf.html&quot;,&quot;trackingName&quot;:&quot;&quot;,&quot;trackingLabel&quot;:&quot;&quot;}}\" target=\"_blank\" rel=\"noopener\">Tagesthemen<\/a>\u201c in der ARD. Diesen Abschnitt beendete sie letztes Jahr aus privaten Gr\u00fcnden. Eigentlich hatte sie daraufhin eine Stelle bei der Kommunikationsagentur 265 Sherpas antreten wollen. <\/p>\n<p>Die geb\u00fcrtige Berlinerin hat in einem Buch \u201eBarfu\u00df in Tetas Garten: Berlin, mein Libanon und ich\u201c \u00fcber ihren kulturellen Hintergrund geschrieben. Das Buch wurde im April ver\u00f6ffentlicht.<\/p>\n<p>Entwicklungsministerium auf schmalerem Etat<\/p>\n<p>Die kommenden Aufgaben d\u00fcrften Abboud auf eine harte Probe stellen. Nach dem Haushaltsentwurf f\u00fcr das laufende Jahr soll der Etat der Bundesentwicklungsministerin auf 10,27 Milliarden Euro sinken. Mit einem Minus von rund 940 Millionen Euro im Vergleich zum Vorjahr w\u00e4re der Einschnitt so gro\u00df wie bei keinem anderen Einzeletat. Die Einsparungen im Entwicklungsetat bezeichnete Alabali Radovan als \u201ehart und schmerzhaft\u201c. <\/p>\n<p>Die globale Ordnung stehe vor einer Zerrei\u00dfprobe. \u201eDeutschland ist nach dem R\u00fcckzug der USA einer der gr\u00f6\u00dften Akteure in der internationalen <a class=\"is-link c-block-items__link c-link--rich-text-renderer\" href=\"https:\/\/www.welt.de\/themen\/entwicklungshilfe\/\" data-internal-tracking-enabled=\"true\" data-internal-tracking=\"{&quot;action&quot;:&quot;click&quot;,&quot;label&quot;:&quot;link&quot;,&quot;name&quot;:&quot;Inline Element&quot;,&quot;data&quot;:{&quot;source&quot;:&quot;&quot;,&quot;target&quot;:&quot;https:\/\/www.welt.de\/themen\/entwicklungshilfe\/&quot;,&quot;trackingName&quot;:&quot;&quot;,&quot;trackingLabel&quot;:&quot;&quot;}}\" target=\"_blank\" rel=\"noopener\">Entwicklungszusammenarbeit<\/a>\u201c, sagte die Ministerin. Gleichzeitig k\u00fcndigte Alabali Radovan eine Neuausrichtung der deutschen Entwicklungspolitik an. Sie habe in ihrem Haus einen Prozess gestartet, um Priorit\u00e4ten zu setzen und die Kr\u00e4fte zu b\u00fcndeln.<\/p>\n","protected":false},"excerpt":{"rendered":"Aline Abboud wechselt auf die andere Seite. Wie die \u201eBerliner Morgenpost\u201c berichtet, verst\u00e4rkt die Ex-\u201eTagesthemen\u201c-Moderatorin zuk\u00fcnftig das Bundesentwicklungsministerium.&hellip;\n","protected":false},"author":2,"featured_media":328599,"comment_status":"","ping_status":"","sticky":false,"template":"","format":"standard","meta":{"footnotes":""},"categories":[5],"tags":[93178,15323,93177,13,14,15,110,93179,12,184,10,8,9,11],"class_list":{"0":"post-328598","1":"post","2":"type-post","3":"status-publish","4":"format-standard","5":"has-post-thumbnail","7":"category-nachrichten","8":"tag-alabali-radovan","9":"tag-balken-inbox","10":"tag-entwicklungsministerium-ks","11":"tag-headlines","12":"tag-nachrichten","13":"tag-news","14":"tag-newsteam","15":"tag-reem","16":"tag-schlagzeilen","17":"tag-spd","18":"tag-top-news","19":"tag-top-meldungen","20":"tag-topmeldungen","21":"tag-topnews"},"share_on_mastodon":{"url":"https:\/\/pubeurope.com\/@de\/114992889653871030","error":""},"_links":{"self":[{"href":"https:\/\/www.europesays.com\/de\/wp-json\/wp\/v2\/posts\/328598","targetHints":{"allow":["GET"]}}],"collection":[{"href":"https:\/\/www.europesays.com\/de\/wp-json\/wp\/v2\/posts"}],"about":[{"href":"https:\/\/www.europesays.com\/de\/wp-json\/wp\/v2\/types\/post"}],"author":[{"embeddable":true,"href":"https:\/\/www.europesays.com\/de\/wp-json\/wp\/v2\/users\/2"}],"replies":[{"embeddable":true,"href":"https:\/\/www.europesays.com\/de\/wp-json\/wp\/v2\/comments?post=328598"}],"version-history":[{"count":0,"href":"https:\/\/www.europesays.com\/de\/wp-json\/wp\/v2\/posts\/328598\/revisions"}],"wp:featuredmedia":[{"embeddable":true,"href":"https:\/\/www.europesays.com\/de\/wp-json\/wp\/v2\/media\/328599"}],"wp:attachment":[{"href":"https:\/\/www.europesays.com\/de\/wp-json\/wp\/v2\/media?parent=328598"}],"wp:term":[{"taxonomy":"category","embeddable":true,"href":"https:\/\/www.europesays.com\/de\/wp-json\/wp\/v2\/categories?post=328598"},{"taxonomy":"post_tag","embeddable":true,"href":"https:\/\/www.europesays.com\/de\/wp-json\/wp\/v2\/tags?post=328598"}],"curies":[{"name":"wp","href":"https:\/\/api.w.org\/{rel}","templated":true}]}}