{"id":328651,"date":"2025-08-08T11:53:13","date_gmt":"2025-08-08T11:53:13","guid":{"rendered":"https:\/\/www.europesays.com\/de\/328651\/"},"modified":"2025-08-08T11:53:13","modified_gmt":"2025-08-08T11:53:13","slug":"stadtarchiv-bornheim-mit-simon-oelgemoeller-ein-paar-etagen-aufgestiegen","status":"publish","type":"post","link":"https:\/\/www.europesays.com\/de\/328651\/","title":{"rendered":"Stadtarchiv Bornheim Mit Simon Oelgem\u00f6ller ein paar Etagen aufgestiegen"},"content":{"rendered":"<p class=\"dm-paragraph my-8 dm-article-content-width\" index=\"0\" should-collapse-on-mobile=\"true\" has-padding=\"\" data-v-586984a4=\"\">Frischer Wind weht seit kurzem im Bornheimer Stadtarchiv: Mit Dr. Simon Oelgem\u00f6ller gibt es nicht nur einen neuen Stadtarchivar, das Archiv ist nun auch vom Kellergeschoss in die f\u00fcnfte Etage des Rathauses umgezogen. Damit stehen Nutzern nun zwei separate R\u00e4ume zur Verf\u00fcgung, ein Lesesaal mit einer gut best\u00fcckten Handbibliothek sowie PC-Arbeitspl\u00e4tze, um vor Ort im Archiv zu recherchieren sowie der B\u00fcroraum von Archivar Oelgem\u00f6ller und seiner Kollegin Nadine Glaeser, die als Fachangestellte f\u00fcr Medien und Informationsdienste im Archiv arbeitet.<\/p>\n<p>Nur das Magazin bleibt im klimatisierten Keller<\/p>\n<p class=\"dm-paragraph my-8 dm-article-content-width\" index=\"2\" should-collapse-on-mobile=\"true\" has-padding=\"\" data-v-586984a4=\"\">Der Magazinbestand bleibt im klimatisierten Keller. Oelgem\u00f6ller scheint in der Rhein- und Vorgebirgsstadt seinen Traumjob gefunden zu haben. Im Juli trat er die Nachfolge seines Vorg\u00e4ngers Jens L\u00f6ffler an, der nach sieben Jahren zum NS-Dokumentationszentrum nach K\u00f6ln wechselte. Eine \u00fcberschw\u00e4ngliche Leidenschaft und Enthusiasmus schwingen in jedem Satz mit, als Oelgem\u00f6ller der Rundschau nicht nur die neuen R\u00e4umlichkeiten, sondern auch von seiner bisherigen Karriere und seinen Pl\u00e4nen erz\u00e4hlt.<\/p>\n<p><img decoding=\"async\" width=\"4000\" height=\"2667\" alt=\"Eine Vitrine mit Exponaten zur Stadtgeschichte.\" loading=\"lazy\" onerror=\"this.setAttribute('data-error', 1)\" class=\"current-image dm-figure__image dm-figure__image--undefined undefined\" data-nuxt-pic=\"\" src=\"https:\/\/www.europesays.com\/de\/wp-content\/uploads\/2025\/08\/6e70b504-9378-4b48-8c8d-882f058ec9f6.jpeg\"  \/><\/p>\n<p class=\"dm-figure__subline\" data-v-72e429ff=\"\">Eine Vitrine mit Exponaten zur Stadtgeschichte.<\/p>\n<p class=\"dm-figure__copyright\" data-v-72e429ff=\"\">Copyright: Frank Engel-Strebel<\/p>\n<p class=\"dm-paragraph my-8 dm-article-content-width\" index=\"4\" should-collapse-on-mobile=\"true\" has-padding=\"\" data-v-586984a4=\"\">Der 43-J\u00e4hrige, der in Schwerte bei Dortmund geboren ist, kam ins Rheinland, um in Bonn Geschichte und katholische Theologie zu studieren. Seit sieben Jahren lebt er mit seiner Familie in Bornheim. Das Archivwesen ist ihm nicht fremd: Als Student arbeitete er bereits bei der Kommission f\u00fcr Zeitgeschichte, wo es auch ein kleines Archiv gab, bei seiner Dissertation \u00fcber den Theologen Karl Forster kam er mit der empirischen Forschung in Ber\u00fchrung und suchte dabei Archive in K\u00f6ln oder M\u00fcnchen auf, bekam sogar ein Angebot f\u00fcr eine Archivstelle in Freiburg, die er jedoch ablehnte, da er zu der Zeit bereits als Referent in der Erwachsenenbildung an der Thomas-Morus-Akademie in Bensberg arbeitete: \u201eMich interessiert die historische Forschung, aber auch, wie man Geschichte den Leuten vermitteln und eine \u00d6ffentlichkeit damit erreichen kann.\u201c<\/p>\n<blockquote class=\"dm-blockquote__quote-text\" data-v-3a231a3f=\"\"><p>Mich interessiert die historische Forschung, aber auch, wie man Geschichte den Leuten vermitteln und eine \u00d6ffentlichkeit damit erreichen kann.<\/p><\/blockquote>\n<p>Simon Oelgem\u00f6ller, Stadtarchivar in Bornheim<\/p>\n<p class=\"dm-paragraph my-8 dm-article-content-width\" index=\"6\" should-collapse-on-mobile=\"true\" has-padding=\"\" data-v-586984a4=\"\">Zuletzt arbeitete Oelgem\u00f6ller im Kreisarchiv Neuwied, ein \u201eEin-Mann-Archiv\u201c: \u201eIch kann stolz von mir behaupten, dass ich Leiter dieses Archivs war.\u201c Dort eignete er sich an, die Archivarbeit zu organisieren, Besucher zu beraten, Best\u00e4nde digital aufzuarbeiten und zu \u00fcberlegen, welche Best\u00e4nde wichtig f\u00fcr ein Archiv sind: \u201eBevor eine Akte entsteht, muss man wissen, wo sie endet.\u201c Das hei\u00dft es reiche nicht, \u201eeinfach mal\u201c eine Akte anzulegen, die in den Keller kommt, 20 Jahre vergessen wird, weil egal ist, was darin steht. Dies sei auch im Zuge der Digitalisierung wichtig: \u201eAls Kommune m\u00fcssen wir b\u00fcrgernah und digital aufgestellt sein, da ist das Archiv eine zentrale Schnittstelle wo Schriftst\u00fccke verwaltet und organisiert werden.\u201c Diesen Prozess hatte er in Neuwied begleitet.<\/p>\n<p><img decoding=\"async\" width=\"4000\" height=\"3003\" alt=\"7. August 2025. Bornheim. Das Stadtarchiv ist umgezogen. Vor den neuen R\u00e4umlichkeiten hat der neue Archivar Dr. Simon Oelgem\u00f6ller mit seiner Kollegin Nadine Glaeser eine Vitrine mit Exponaten zur Stadtgeschichte eingerichtet. Foto: Frank Engel-Strebel\" loading=\"lazy\" onerror=\"this.setAttribute('data-error', 1)\" class=\"current-image dm-figure__image dm-figure__image--undefined undefined\" data-nuxt-pic=\"\" src=\"https:\/\/www.europesays.com\/de\/wp-content\/uploads\/2025\/08\/3b5b377e-ca3b-4a39-848a-146d809b4d30.jpeg\"  \/><\/p>\n<p class=\"dm-figure__subline\" data-v-72e429ff=\"\">7. August 2025. Bornheim. Das Stadtarchiv ist umgezogen. Vor den neuen R\u00e4umlichkeiten hat der neue Archivar Dr. Simon Oelgem\u00f6ller mit seiner Kollegin Nadine Glaeser eine Vitrine mit Exponaten zur Stadtgeschichte eingerichtet. Foto: Frank Engel-Strebel<\/p>\n<p class=\"dm-figure__copyright\" data-v-72e429ff=\"\">Copyright: Frank Engel-Strebel<\/p>\n<p class=\"dm-paragraph my-8 dm-article-content-width\" index=\"8\" should-collapse-on-mobile=\"true\" has-padding=\"\" data-v-586984a4=\"\">Als Oelgem\u00f6ller las, dass die Stelle des Bornheimer Stadtarchivars vakant war, bewarb er sich nicht zuletzt auch deswegen darauf, weil er damit eine qualifizierte Arbeit direkt vor der Haust\u00fcr h\u00e4tte. Zuvor pendelte er jeden Tag 160 Kilometer von Bornheim nach Neuwied und zur\u00fcck: \u201eGl\u00fccklicherweise bin ich nun seit dem 1. Juli hier und ich konnte bereits erste Akzente setzen.\u201c<\/p>\n<p class=\"dm-paragraph my-8 dm-article-content-width\" index=\"9\" should-collapse-on-mobile=\"true\" has-padding=\"\" data-v-586984a4=\"\">Er brennt f\u00fcr seinen neuen Job. Die neuen Impulse konnte Oelgem\u00f6ller gemeinsam mit Nadine Glaeser nicht zuletzt durch den Umzug im Rathaus umsetzen. Dieser wurde m\u00f6glich, so Pressesprecher Christoph L\u00fcttgen, weil die technischen Abteilungen vor einigen Monaten in das neue Technische Rathaus nach Kardorf umgezogen sind und damit Kapazit\u00e4ten an der Rathausstra\u00dfe in Roisdorf frei wurden. Zun\u00e4chst stellte sich Oelgem\u00f6ller die Frage nach dem \u201ewarum\u201c: \u201eEntscheidend ist f\u00fcr mich, dass ich gucke, was ist mein Sprengel, was ist meine Institution, was ist mein Rahmen? F\u00fcr mich ist Bornheim die Summe seiner Einzelteile.<\/p>\n<p>Anlaufpunkt f\u00fcr jeden Besucher<\/p>\n<p class=\"dm-paragraph my-8 dm-article-content-width\" index=\"11\" should-collapse-on-mobile=\"true\" has-padding=\"\" data-v-586984a4=\"\">Jeder Besucher soll hier im Archiv einen Identifikationspunkt, eine Anlaufstelle haben, wo er seine Geschichte wiederfindet.\u201c Hinzu kommen nat\u00fcrlich die klassischen Verwaltungsaufgaben. Die Einrichtung eines Archivs geh\u00f6re zu den Pflichtaufgaben einer Kommune, erkl\u00e4rte Oelgem\u00f6ller, der die Lokalgeschichte besonders faszinierend findet: \u201eEs ist immer von der gro\u00dfen Geschichte die Rede. F\u00fcr mich ist die Frage spannend: Wo bricht sich das Gro\u00dfe im Kleinen? Wenn man die Lokalgeschichte nicht nur als Solit\u00e4r betrachtet, sondern auch in das Gro\u00dfe einordnet, dann wird es spannend.\u201c Daher ist es Oelgem\u00f6ller wichtig, Archivarbeit nicht auf Akten, Dokumente und Literatur zu beschr\u00e4nken, sondern auch Exponate aus der Historie zu pr\u00e4sentieren, quasi \u201eArchivarbeit in 3 D\u201c, wie er sagt. Daf\u00fcr hat er gemeinsam mit Nadine Glaeser eine Vitrine vor den neuen Archivr\u00e4umen mit Ausstellungsst\u00fccken eingerichtet. Viele M\u00f6glichkeiten bieten auch die neuen R\u00e4ume.<\/p>\n<p class=\"dm-paragraph my-8 dm-article-content-width\" index=\"12\" should-collapse-on-mobile=\"true\" has-padding=\"\" data-v-586984a4=\"\">Bislang waren die B\u00fcros im Kellergeschoss nicht abgetrennt. Dies entsprach auch nicht der DIN-Norm f\u00fcr Archive, erl\u00e4utert Oelgem\u00f6ller. Die Einhaltung des Datenschutzes sei dort bislang kaum m\u00f6glich gewesen. Nun k\u00f6nnen Besucher vertraulich, unter vier Augen mit dem Archivar ihre Anliegen besprechen, denn meistens gehe es um Ahnenforschung. Gleichzeitig k\u00f6nnen in dem Nachbarraum ungest\u00f6rt recherchieren. Daf\u00fcr hat Oelgem\u00f6ller eine Handbibliothek eingereichte. Dort sind die wichtigsten B\u00fccher und Chroniken zur Stadtgeschichte und zu den einzelnen D\u00f6rfern einsortiert.<\/p>\n<p><img decoding=\"async\" width=\"4000\" height=\"3003\" alt=\"Dr. Simon Oelgem\u00f6ller und seine Kollegin Nadine Glaeser vor einem Gem\u00e4lde von Gerhard Ditz.\" loading=\"lazy\" onerror=\"this.setAttribute('data-error', 1)\" class=\"current-image dm-figure__image dm-figure__image--undefined undefined\" data-nuxt-pic=\"\" src=\"https:\/\/www.europesays.com\/de\/wp-content\/uploads\/2025\/08\/5691dba8-c3d3-4792-9310-59860de5f47e.jpeg\"  \/><\/p>\n<p class=\"dm-figure__subline\" data-v-72e429ff=\"\">Dr. Simon Oelgem\u00f6ller und seine Kollegin Nadine Glaeser vor einem Gem\u00e4lde von Gerhard Ditz.<\/p>\n<p class=\"dm-figure__copyright\" data-v-72e429ff=\"\">Copyright: Frank Engel-Strebel<\/p>\n<p class=\"dm-paragraph my-8 dm-article-content-width\" index=\"14\" should-collapse-on-mobile=\"true\" has-padding=\"\" data-v-586984a4=\"\">Auch optisch wirkt alles nicht nur wegen der lichtdurchfluteten R\u00e4ume einladender, die W\u00e4nde zieren drei bekannte Werke des Waldorfer Heimatmalers Gerhard Ditz (1913\u20131985), die anl\u00e4sslich seines 40. Todestages dort aufgeh\u00e4ngt wurden. An der gegen\u00fcberliegenden Wand sollen demn\u00e4chst mehrere Karnevalsorden pr\u00e4sentiert werden. In den kommenden Wochen m\u00f6chte sich Oelgem\u00f6ller ein breites Netzwerk aufbauen, auch den Kontakt zu den Heimatforschern intensivieren und Veranstaltungen organisieren: \u201eIch bin froh, dass mein Kollege eine gro\u00dfartige Vorarbeit geleistet hat, gerade auch im Hinblick auf die Aufarbeitung der j\u00fcdischen Geschichte in Bornheim. Da gibt es viele Ankn\u00fcpfungspunkte und ich trete in gro\u00dfe Fu\u00dfstapfen.\u201c<\/p>\n","protected":false},"excerpt":{"rendered":"Frischer Wind weht seit kurzem im Bornheimer Stadtarchiv: Mit Dr. Simon Oelgem\u00f6ller gibt es nicht nur einen neuen&hellip;\n","protected":false},"author":2,"featured_media":328652,"comment_status":"","ping_status":"","sticky":false,"template":"","format":"standard","meta":{"footnotes":""},"categories":[1842],"tags":[1741,3364,29,30,1209],"class_list":{"0":"post-328651","1":"post","2":"type-post","3":"status-publish","4":"format-standard","5":"has-post-thumbnail","7":"category-bonn","8":"tag-bonn","9":"tag-de","10":"tag-deutschland","11":"tag-germany","12":"tag-nordrhein-westfalen"},"share_on_mastodon":{"url":"https:\/\/pubeurope.com\/@de\/114993011618806535","error":""},"_links":{"self":[{"href":"https:\/\/www.europesays.com\/de\/wp-json\/wp\/v2\/posts\/328651","targetHints":{"allow":["GET"]}}],"collection":[{"href":"https:\/\/www.europesays.com\/de\/wp-json\/wp\/v2\/posts"}],"about":[{"href":"https:\/\/www.europesays.com\/de\/wp-json\/wp\/v2\/types\/post"}],"author":[{"embeddable":true,"href":"https:\/\/www.europesays.com\/de\/wp-json\/wp\/v2\/users\/2"}],"replies":[{"embeddable":true,"href":"https:\/\/www.europesays.com\/de\/wp-json\/wp\/v2\/comments?post=328651"}],"version-history":[{"count":0,"href":"https:\/\/www.europesays.com\/de\/wp-json\/wp\/v2\/posts\/328651\/revisions"}],"wp:featuredmedia":[{"embeddable":true,"href":"https:\/\/www.europesays.com\/de\/wp-json\/wp\/v2\/media\/328652"}],"wp:attachment":[{"href":"https:\/\/www.europesays.com\/de\/wp-json\/wp\/v2\/media?parent=328651"}],"wp:term":[{"taxonomy":"category","embeddable":true,"href":"https:\/\/www.europesays.com\/de\/wp-json\/wp\/v2\/categories?post=328651"},{"taxonomy":"post_tag","embeddable":true,"href":"https:\/\/www.europesays.com\/de\/wp-json\/wp\/v2\/tags?post=328651"}],"curies":[{"name":"wp","href":"https:\/\/api.w.org\/{rel}","templated":true}]}}