{"id":329168,"date":"2025-08-08T16:25:11","date_gmt":"2025-08-08T16:25:11","guid":{"rendered":"https:\/\/www.europesays.com\/de\/329168\/"},"modified":"2025-08-08T16:25:11","modified_gmt":"2025-08-08T16:25:11","slug":"berlin-klingbeil-berater-warnen-vor-lockerung-der-schuldenbremse","status":"publish","type":"post","link":"https:\/\/www.europesays.com\/de\/329168\/","title":{"rendered":"Berlin | Klingbeil-Berater warnen vor Lockerung der Schuldenbremse"},"content":{"rendered":"<p>Berlin (dpa) &#8211; Namhafte Wirtschaftsberater von Finanzminister Lars Klingbeil (SPD) warnen vor einer weiteren Lockerung der Schuldenbremse. Angesichts der zuletzt genehmigten Milliardenkredite sei eine wirksame Begrenzung der Neuverschuldung noch wichtiger als fr\u00fcher, hei\u00dft es in einer am Freitag ver\u00f6ffentlichten Stellungnahme des wissenschaftlichen Beirats beim Finanzministerium.\u00a0<\/p>\n<p>Sonst drohe Deutschland EU-Vorgaben zu rei\u00dfen, \u00fcberproportional hohe Schulden zu machen und sogar die Stabilit\u00e4t des Euro zu gef\u00e4hrden. \u00abVor diesem Hintergrund hielte der Beirat eine weitere Lockerung der Schuldenbremse f\u00fcr problematisch und schl\u00e4gt vor, die geplante Diskussion zur Reform der Schuldenbremse zum Anlass zu nehmen, die Wirksamkeit der Schuldenbremse zu verbessern.\u00bb\u00a0<\/p>\n<p>Die Bundesregierung hat eine Kommission eingesetzt, die bis Jahresende Vorschl\u00e4ge f\u00fcr eine Reform der Schuldenbremse erarbeiten soll. Aktuell denken beide Koalitionspartner in vollkommen unterschiedliche Richtungen: In der SPD gilt die Schuldenbremse als Investitionsbremse und soll gelockert werden, die Union will die Regeln m\u00f6glichst erhalten. Einige Mitglieder des unabh\u00e4ngigen wissenschaftlichen Beirats des Finanzministeriums sitzen auch in der Schuldenbremse-Kommission: Ifo-Pr\u00e4sident Clemens Fuest, der fr\u00fchere Wirtschaftsweise Volker Wieland, Finanzwissenschaftler Thiess B\u00fcttner.<\/p>\n","protected":false},"excerpt":{"rendered":"Berlin (dpa) &#8211; Namhafte Wirtschaftsberater von Finanzminister Lars Klingbeil (SPD) warnen vor einer weiteren Lockerung der Schuldenbremse. Angesichts&hellip;\n","protected":false},"author":2,"featured_media":329169,"comment_status":"","ping_status":"","sticky":false,"template":"","format":"standard","meta":{"footnotes":""},"categories":[1825],"tags":[1941,1939,296,1937,29,1721,30,1109,1940,1938],"class_list":{"0":"post-329168","1":"post","2":"type-post","3":"status-publish","4":"format-standard","5":"has-post-thumbnail","7":"category-berlin","8":"tag-aktuelle-nachrichten-aus-berlin","9":"tag-aktuelle-news-aus-berlin","10":"tag-berlin","11":"tag-berlin-news","12":"tag-deutschland","13":"tag-finanzen","14":"tag-germany","15":"tag-haushalt","16":"tag-nachrichten-aus-berlin","17":"tag-news-aus-berlin"},"share_on_mastodon":{"url":"https:\/\/pubeurope.com\/@de\/114994080946945592","error":""},"_links":{"self":[{"href":"https:\/\/www.europesays.com\/de\/wp-json\/wp\/v2\/posts\/329168","targetHints":{"allow":["GET"]}}],"collection":[{"href":"https:\/\/www.europesays.com\/de\/wp-json\/wp\/v2\/posts"}],"about":[{"href":"https:\/\/www.europesays.com\/de\/wp-json\/wp\/v2\/types\/post"}],"author":[{"embeddable":true,"href":"https:\/\/www.europesays.com\/de\/wp-json\/wp\/v2\/users\/2"}],"replies":[{"embeddable":true,"href":"https:\/\/www.europesays.com\/de\/wp-json\/wp\/v2\/comments?post=329168"}],"version-history":[{"count":0,"href":"https:\/\/www.europesays.com\/de\/wp-json\/wp\/v2\/posts\/329168\/revisions"}],"wp:featuredmedia":[{"embeddable":true,"href":"https:\/\/www.europesays.com\/de\/wp-json\/wp\/v2\/media\/329169"}],"wp:attachment":[{"href":"https:\/\/www.europesays.com\/de\/wp-json\/wp\/v2\/media?parent=329168"}],"wp:term":[{"taxonomy":"category","embeddable":true,"href":"https:\/\/www.europesays.com\/de\/wp-json\/wp\/v2\/categories?post=329168"},{"taxonomy":"post_tag","embeddable":true,"href":"https:\/\/www.europesays.com\/de\/wp-json\/wp\/v2\/tags?post=329168"}],"curies":[{"name":"wp","href":"https:\/\/api.w.org\/{rel}","templated":true}]}}