{"id":329788,"date":"2025-08-08T22:07:22","date_gmt":"2025-08-08T22:07:22","guid":{"rendered":"https:\/\/www.europesays.com\/de\/329788\/"},"modified":"2025-08-08T22:07:22","modified_gmt":"2025-08-08T22:07:22","slug":"brand-in-kiel-bewohner-lebensgefaehrlich-verletzt","status":"publish","type":"post","link":"https:\/\/www.europesays.com\/de\/329788\/","title":{"rendered":"Brand in Kiel: Bewohner lebensgef\u00e4hrlich verletzt"},"content":{"rendered":"<p>\n            Stand: 08.08.2025 21:38 Uhr<\/p>\n<p>                    <a href=\"https:\/\/www.europesays.com\/de\/wp-content\/uploads\/2025\/08\/rettungswagen318.webp\" class=\"zoomimage\" title=\"Bild vergr\u00f6\u00dfern\"><\/p>\n<p>        <img decoding=\"async\" src=\"https:\/\/www.europesays.com\/de\/wp-content\/uploads\/2025\/08\/rettungswagen318.webp\" alt=\"Ein Einsatzfahrzeug der Feuerwehr mit dem Schriftzug Notfallrettung \/ Krankentransport.\" title=\"Der Bewohner wurde laut Feuerwehr lebensgef\u00e4hrlich verletzt und in ein Krankenhaus gebracht. | NDR, Julius Matuschik\" class=\"responsive\" loading=\"lazy\"\/><\/p>\n<p>                    <\/a><\/p>\n<p>                    Der Bewohner wurde laut Feuerwehr lebensgef\u00e4hrlich verletzt und in ein Krankenhaus gebracht.<\/p>\n<p class=\"\">\nBei einem Wohnungsbrand in der Annenstra\u00dfe in <a href=\"https:\/\/www.ndr.de\/nachrichten\/schleswig-holstein\/Kiel-Aktuelle-Nachrichten-News-und-Videos,kiel7262.html\" title=\"Kiel - Aktuelle Nachrichten und Videos\" rel=\"nofollow noopener\" target=\"_blank\">Kiel<\/a> ist ein Bewohner lebensgef\u00e4hrlich verletzt worden. Das Feuer sei am Freitagabend ausgebrochen, teilte die Feuerwehr mit. Um kurz vor 19 Uhr seien die Einsatzkr\u00e4fte alarmiert wurden. Passanten hatten laut der Feuerwehr Rauch und ru\u00dfgeschw\u00e4rzte Fenster bemerkt. Hinter einem der Fenster habe sich eine Person bemerkbar gemacht, hie\u00df es. Wenig sp\u00e4ter seien die Scheiben geborsten und offene Flammen sichtbar geworden.<\/p>\n<p class=\"\">\nDie Einsatzkr\u00e4fte h\u00e4tten das Feuer schnell unter Kontrolle gebracht und den Bewohner aus der betroffenen Wohnung gerettet. Er wurde in ein Krankenhaus gebracht. Insgesamt seien 25 Einsatzkr\u00e4fte vor Ort gewesen. Zwischenzeitlich musste der Knooper Weg f\u00fcr circa eine Stunde f\u00fcr den Verkehr gesperrt werden.<\/p>\n<p>        <img decoding=\"async\" src=\"https:\/\/www.europesays.com\/de\/wp-content\/uploads\/2025\/08\/nachrichtenkompakt130.webp\" alt=\"Grafik: Eine Sprechblase, in der die Kontur des Landes Schleswig-Holstein abgebildet ist.\" title=\"Grafik: Eine Sprechblase, in der die Kontur des Landes Schleswig-Holstein abgebildet ist. | NDR\" class=\"responsive\" loading=\"lazy\"\/><\/p>\n<p>\n                                    2 Min<\/p>\n<p>Die Reporter berichten aus Kiel, Neum\u00fcnster, den Kreisen Pl\u00f6n und Rendsburg-Eckernf\u00f6rde &#8211; jeden Werktag um 09.30 und 16.30 Uhr.<\/p>\n<p>Dieses Thema im Programm:<\/p>\n<p>                NDR 1 Welle Nord | Nachrichten f\u00fcr Schleswig-Holstein | 09.08.2025 | 08:00 Uhr<\/p>\n","protected":false},"excerpt":{"rendered":"Stand: 08.08.2025 21:38 Uhr Der Bewohner wurde laut Feuerwehr lebensgef\u00e4hrlich verletzt und in ein Krankenhaus gebracht. Bei einem&hellip;\n","protected":false},"author":2,"featured_media":329789,"comment_status":"","ping_status":"","sticky":false,"template":"","format":"standard","meta":{"footnotes":""},"categories":[1852],"tags":[2919,3364,29,548,663,3934,985,30,13,4949,26685,14,15,12,1971,2537],"class_list":{"0":"post-329788","1":"post","2":"type-post","3":"status-publish","4":"format-standard","5":"has-post-thumbnail","7":"category-kiel","8":"tag-brand","9":"tag-de","10":"tag-deutschland","11":"tag-eu","12":"tag-europa","13":"tag-europe","14":"tag-feuerwehr","15":"tag-germany","16":"tag-headlines","17":"tag-kiel","18":"tag-lebensgefaehrlich-verletzt","19":"tag-nachrichten","20":"tag-news","21":"tag-schlagzeilen","22":"tag-schleswig-holstein","23":"tag-wohnungsbrand"},"share_on_mastodon":{"url":"https:\/\/pubeurope.com\/@de\/114995425841912199","error":""},"_links":{"self":[{"href":"https:\/\/www.europesays.com\/de\/wp-json\/wp\/v2\/posts\/329788","targetHints":{"allow":["GET"]}}],"collection":[{"href":"https:\/\/www.europesays.com\/de\/wp-json\/wp\/v2\/posts"}],"about":[{"href":"https:\/\/www.europesays.com\/de\/wp-json\/wp\/v2\/types\/post"}],"author":[{"embeddable":true,"href":"https:\/\/www.europesays.com\/de\/wp-json\/wp\/v2\/users\/2"}],"replies":[{"embeddable":true,"href":"https:\/\/www.europesays.com\/de\/wp-json\/wp\/v2\/comments?post=329788"}],"version-history":[{"count":0,"href":"https:\/\/www.europesays.com\/de\/wp-json\/wp\/v2\/posts\/329788\/revisions"}],"wp:featuredmedia":[{"embeddable":true,"href":"https:\/\/www.europesays.com\/de\/wp-json\/wp\/v2\/media\/329789"}],"wp:attachment":[{"href":"https:\/\/www.europesays.com\/de\/wp-json\/wp\/v2\/media?parent=329788"}],"wp:term":[{"taxonomy":"category","embeddable":true,"href":"https:\/\/www.europesays.com\/de\/wp-json\/wp\/v2\/categories?post=329788"},{"taxonomy":"post_tag","embeddable":true,"href":"https:\/\/www.europesays.com\/de\/wp-json\/wp\/v2\/tags?post=329788"}],"curies":[{"name":"wp","href":"https:\/\/api.w.org\/{rel}","templated":true}]}}