{"id":329821,"date":"2025-08-08T22:25:09","date_gmt":"2025-08-08T22:25:09","guid":{"rendered":"https:\/\/www.europesays.com\/de\/329821\/"},"modified":"2025-08-08T22:25:09","modified_gmt":"2025-08-08T22:25:09","slug":"ukraine-news-trump-trifft-putin-naechste-woche-politik","status":"publish","type":"post","link":"https:\/\/www.europesays.com\/de\/329821\/","title":{"rendered":"Ukraine News: Trump trifft Putin n\u00e4chste Woche &#8211; Politik"},"content":{"rendered":"<p>Trump will Treffen mit Putin und SelenskijUS-Pr\u00e4sident Donald Trump will sich einem Bericht zufolge m\u00f6glicherweise bereits kommende Woche pers\u00f6nlich mit seinem russischen Kollegen Wladimir Putin treffen. Danach sei ein Dreiergipfel mit dem ukrainischen Pr\u00e4sidenten Wolodimir Selenskij angedacht, <a href=\"https:\/\/www.nytimes.com\/2025\/08\/06\/us\/politics\/trump-meeting-putin-zelensky.html?login=smartlock&amp;auth=login-smartlock\" rel=\"noopener\" target=\"_blank\">berichtet die New York Times<\/a> unter Berufung auf zwei mit den Pl\u00e4nen vertraute Personen. Auch die Nachrichtenagentur Bloomberg und <a href=\"https:\/\/www.cnn.com\/2025\/08\/06\/europe\/putin-witkoff-meeting-constructive-kremlin-says-intl?cid=ios_app\" rel=\"noopener\" target=\"_blank\">CNN berichten \u00fcber das Vorhaben<\/a>. Trump habe sein Vorhaben in einem Telefonat mit europ\u00e4ischen Staats- und Regierungschefs offengelegt, an dem auch Selenskij, Bundeskanzler Friedrich Merz und Nato-Generalsekret\u00e4r Mark Rutte teilgenommen h\u00e4tten, hei\u00dft es bei der New York Times. Das geplante Treffen solle ohne europ\u00e4ische Beteiligung stattfinden. Der Nachrichtenagentur dpa wurde aus Berliner Regierungskreisen best\u00e4tigt, dass Trump die Verb\u00fcndeten informiert hat.<br \/>Ob Putin und Selenskij den Pl\u00e4nen zugestimmt haben, war zun\u00e4chst unklar. Stellungnahmen der genannten Staaten lagen am Abend nicht vor. Trump sagte dazu sp\u00e4ter auf eine Nachfrage einer Journalistin, ob Putin und Selenskij einem Treffen zugestimmt h\u00e4tten: \u201eDie Chancen stehen gut, dass es sehr bald zu einem Treffen kommen wird.\u201c Man habe aber noch nicht festgelegt, wo. Dem Vorsto\u00df gingen diplomatische Bem\u00fchungen und eine von den USA gesetzte Frist voraus: Der US-Sondergesandte Steve Witkoff hatte sich mit Putin in Moskau getroffen. Trump bewertete das Gespr\u00e4ch als erfolgreich und sprach von \u201egro\u00dfen Fortschritten\u201c.<\/p>\n<p>Selenskij erkl\u00e4rte, es gebe offenbar eine gr\u00f6\u00dfere Bereitschaft Russlands zu einer Feuerpause. Er mahnte jedoch, Russland d\u00fcrfe die Ukraine und die USA \u201ebei den Details nicht t\u00e4uschen\u201c. Die US-Regierung hatte Russland eine Frist bis Freitag gesetzt, um einer Feuerpause in dem seit mehr als drei Jahren andauernden Krieg zuzustimmen. Anderenfalls drohen weitere Wirtschaftssanktionen.<\/p>\n<p>Lesen Sie dazu auch mit SZ Plus:\u00a0<\/p>\n","protected":false},"excerpt":{"rendered":"Trump will Treffen mit Putin und SelenskijUS-Pr\u00e4sident Donald Trump will sich einem Bericht zufolge m\u00f6glicherweise bereits kommende Woche&hellip;\n","protected":false},"author":2,"featured_media":329822,"comment_status":"","ping_status":"","sticky":false,"template":"","format":"standard","meta":{"footnotes":""},"categories":[4013],"tags":[331,332,147,106,13,6471,1435,148,14,1159,15,16,6472,4043,4044,850,307,12,6473,149,317,6474,306,6475,107],"class_list":{"0":"post-329821","1":"post","2":"type-post","3":"status-publish","4":"format-standard","5":"has-post-thumbnail","7":"category-russland","8":"tag-aktuelle-nachrichten","9":"tag-aktuelle-news","10":"tag-ausland","11":"tag-donald-trump","12":"tag-headlines","13":"tag-hilfe-fuer-die-ukraine","14":"tag-krieg-in-der-ukraine","15":"tag-leserdiskussion","16":"tag-nachrichten","17":"tag-nato","18":"tag-news","19":"tag-politik","20":"tag-politik-russland","21":"tag-russia","22":"tag-russian-federation","23":"tag-russische-foederation","24":"tag-russland","25":"tag-schlagzeilen","26":"tag-sicherheitspolitik","27":"tag-sueddeutsche-zeitung","28":"tag-ukraine","29":"tag-waffenlieferungen","30":"tag-wladimir-putin","31":"tag-wolodimir-selenskij","32":"tag-wolodymyr-selenskyj"},"share_on_mastodon":{"url":"https:\/\/pubeurope.com\/@de\/114995496483451082","error":""},"_links":{"self":[{"href":"https:\/\/www.europesays.com\/de\/wp-json\/wp\/v2\/posts\/329821","targetHints":{"allow":["GET"]}}],"collection":[{"href":"https:\/\/www.europesays.com\/de\/wp-json\/wp\/v2\/posts"}],"about":[{"href":"https:\/\/www.europesays.com\/de\/wp-json\/wp\/v2\/types\/post"}],"author":[{"embeddable":true,"href":"https:\/\/www.europesays.com\/de\/wp-json\/wp\/v2\/users\/2"}],"replies":[{"embeddable":true,"href":"https:\/\/www.europesays.com\/de\/wp-json\/wp\/v2\/comments?post=329821"}],"version-history":[{"count":0,"href":"https:\/\/www.europesays.com\/de\/wp-json\/wp\/v2\/posts\/329821\/revisions"}],"wp:featuredmedia":[{"embeddable":true,"href":"https:\/\/www.europesays.com\/de\/wp-json\/wp\/v2\/media\/329822"}],"wp:attachment":[{"href":"https:\/\/www.europesays.com\/de\/wp-json\/wp\/v2\/media?parent=329821"}],"wp:term":[{"taxonomy":"category","embeddable":true,"href":"https:\/\/www.europesays.com\/de\/wp-json\/wp\/v2\/categories?post=329821"},{"taxonomy":"post_tag","embeddable":true,"href":"https:\/\/www.europesays.com\/de\/wp-json\/wp\/v2\/tags?post=329821"}],"curies":[{"name":"wp","href":"https:\/\/api.w.org\/{rel}","templated":true}]}}