{"id":329961,"date":"2025-08-08T23:49:11","date_gmt":"2025-08-08T23:49:11","guid":{"rendered":"https:\/\/www.europesays.com\/de\/329961\/"},"modified":"2025-08-08T23:49:11","modified_gmt":"2025-08-08T23:49:11","slug":"dieter-hecking-trainer-vfl-bochum-forum-seite-54","status":"publish","type":"post","link":"https:\/\/www.europesays.com\/de\/329961\/","title":{"rendered":"Dieter Hecking [Trainer] &#8211; VfL Bochum &#8211; Forum | Seite 54"},"content":{"rendered":"<p>                    <b>Zitat von <a href=\"https:\/\/www.transfermarkt.de\/oakwell\/index\/profil\/1727927\" rel=\"nofollow noopener\" target=\"_blank\">Oakwell<\/a><\/b> <br \/>\nKomisch aggressiver Ton hier, nur weil ich eine andere Meinung vertrete und nicht direkt in die Extreme gehe. <\/p>\n<p>Ich bleibe dabei. Der Kader ist komplett neu. Jetzt nach einem Spiel auch noch den Trainer zu tauschen, der gemeinsam mit Duffner ma\u00dfgeblich f\u00fcr ihn verantwortlich war, w\u00e4re kompletter Panikmodus. Und ich glaube nicht, dass du mit solch einem m\u00f6gliche Neuzug\u00e4nge von dir \u00fcberzeugst, noch den richtigen Trainer findest. Sollte es mit Hecking definitiv nicht passen und es mehr eine \u00dcbergangssaison werden, ist im Winter noch gen\u00fcgend Zeit um zu reagieren und vielleicht einen j\u00fcngeren Trainer an Bord zu holen, der dann die Talente m\u00f6glicherweise noch st\u00e4rker in den Fokus holt. <\/p>\n<p>Aber wie gesagt. Wir sind ganz fr\u00fch in der Saison, wobei die Klatsche letzte Woche und vor allem das wie, mir auch arg wehgetan hat.<\/p>\n<p>Aggressiver Ton? Ich habe sehr ausf\u00fchrlich in meinem Beitrag aufgef\u00fchrt warum ich deinen Beitrag von vorne bis hinten als Unsinn empfinde. Und noch mal: Du wiederholst dich von wegen &#8222;v\u00f6llig neuer Kader&#8220;. WIE hat das bitte Relevanz wenn 7 von 11 Spieler STARTELFSPIELER aus der letzten Saison waren. Das Mittelfeld und der Angriff sind exakt die gleichen Spieler wie letzte Saison. Die kennen sich untereinander und die kennen Hecking. Lediglich die Defensive ist halbwegs neu (mal sehen wie viele wirklich am Sonntag neu sind), daf\u00fcr sind die quasi seit Trainingsauftakt zusammen. <\/p>\n<p>Es GIBT KEINE \u00dcbergangssaison. Diese Saison ist alles oder nichts. Es gibt sowas wie Neuaufbau in Liga 2 nicht. Entweder man geht direkt wieder hoch oder man k\u00e4mpft die n\u00e4chsten 10 Jahre wieder ums \u00dcberleben um nicht in Liga 3 abzurutschen. <\/p>\n<p>Wenn Hecking nicht vollends \u00fcberzeugt die ersten paar Spiele muss er sofort gehen und entweder guckt man schon mit einem Auge nach neuen Trainern, oder Siebers muss \u00fcbernehmen. Von ihm halte ich pers\u00f6nlich sowieso deutlich mehr als von Hecking.                <\/p>\n","protected":false},"excerpt":{"rendered":"Zitat von Oakwell Komisch aggressiver Ton hier, nur weil ich eine andere Meinung vertrete und nicht direkt in&hellip;\n","protected":false},"author":2,"featured_media":8110,"comment_status":"","ping_status":"","sticky":false,"template":"","format":"standard","meta":{"footnotes":""},"categories":[1839],"tags":[7507,3364,29,30,1209],"class_list":{"0":"post-329961","1":"post","2":"type-post","3":"status-publish","4":"format-standard","5":"has-post-thumbnail","7":"category-bochum","8":"tag-bochum","9":"tag-de","10":"tag-deutschland","11":"tag-germany","12":"tag-nordrhein-westfalen"},"share_on_mastodon":{"url":"https:\/\/pubeurope.com\/@de\/114995826795151350","error":""},"_links":{"self":[{"href":"https:\/\/www.europesays.com\/de\/wp-json\/wp\/v2\/posts\/329961","targetHints":{"allow":["GET"]}}],"collection":[{"href":"https:\/\/www.europesays.com\/de\/wp-json\/wp\/v2\/posts"}],"about":[{"href":"https:\/\/www.europesays.com\/de\/wp-json\/wp\/v2\/types\/post"}],"author":[{"embeddable":true,"href":"https:\/\/www.europesays.com\/de\/wp-json\/wp\/v2\/users\/2"}],"replies":[{"embeddable":true,"href":"https:\/\/www.europesays.com\/de\/wp-json\/wp\/v2\/comments?post=329961"}],"version-history":[{"count":0,"href":"https:\/\/www.europesays.com\/de\/wp-json\/wp\/v2\/posts\/329961\/revisions"}],"wp:featuredmedia":[{"embeddable":true,"href":"https:\/\/www.europesays.com\/de\/wp-json\/wp\/v2\/media\/8110"}],"wp:attachment":[{"href":"https:\/\/www.europesays.com\/de\/wp-json\/wp\/v2\/media?parent=329961"}],"wp:term":[{"taxonomy":"category","embeddable":true,"href":"https:\/\/www.europesays.com\/de\/wp-json\/wp\/v2\/categories?post=329961"},{"taxonomy":"post_tag","embeddable":true,"href":"https:\/\/www.europesays.com\/de\/wp-json\/wp\/v2\/tags?post=329961"}],"curies":[{"name":"wp","href":"https:\/\/api.w.org\/{rel}","templated":true}]}}