{"id":329999,"date":"2025-08-09T00:10:16","date_gmt":"2025-08-09T00:10:16","guid":{"rendered":"https:\/\/www.europesays.com\/de\/329999\/"},"modified":"2025-08-09T00:10:16","modified_gmt":"2025-08-09T00:10:16","slug":"reumuetiger-dieb-gibt-wertvolle-beute-zurueck","status":"publish","type":"post","link":"https:\/\/www.europesays.com\/de\/329999\/","title":{"rendered":"Reum\u00fctiger Dieb gibt wertvolle Beute zur\u00fcck"},"content":{"rendered":"<p>Bundespolizisten nahmen am Donnerstagabend einen 50-j\u00e4hrigen Mann im Bremer Hauptbahnhof vorl\u00e4ufig fest. Wie die Bundespolizei mitteilte, war der Mann zuvor durch Videoauswertung als T\u00e4ter eines Diebstahls am Bremer Flughafen identifiziert. Der Vorfall ereignete sich bereits am 3. August, als ein Fluggast den Verlust seines Rucksacks meldete. Der Rucksack enthielt wertvolle Gegenst\u00e4nde, wie ein neuwertiges iPad, eine hochwertige Kamera mit Zubeh\u00f6r und eine neue Spielekonsole, mit einem Gesamtwert von \u00fcber 4000 Euro.<\/p>\n<p>Gestohlener Rucksack wurde Besitzer \u00fcbergeben<\/p>\n<p>Die Bundespolizisten sichteten die Video\u00fcberwachung am Flughafen und konnten einen Tatverd\u00e4chtigen identifizieren. Trotz Fahndung blieb der T\u00e4ter zun\u00e4chst unauffindbar. Doch vier Tage sp\u00e4ter erkannte ein Zivilbeamter der Bundespolizei den Mann im Hauptbahnhof wieder. Eine Streife nahm den 50-J\u00e4hrigen vorl\u00e4ufig fest und konfrontierte ihn mit dem Diebstahl. Der Mann gestand die Tat sofort und versprach, die gestohlenen Gegenst\u00e4nde zur\u00fcckzugeben.<\/p>\n<p>Nach der Aufnahme einer Strafanzeige durfte der Bremer die Bundespolizeiwache verlassen. Etwa eine Stunde sp\u00e4ter kehrte er reum\u00fctig zur\u00fcck und \u00fcbergab, wie versprochen, die gestohlene Beute. Noch am selben Abend konnte der Rucksack mit seinem wertvollen Inhalt dem Besitzer zur\u00fcckgegeben werden.<\/p>\n<p>                        <a href=\"https:\/\/www.weser-kurier.de\/\" id=\"home\" class=\"button primary-primary font-size-15_1 m-0a customEvent\" data-layer-event-name=\"customEvent\" data-layer-trigger=\"click\" data-layer-category=\"artikelscoring\" data-layer-action=\"startseite_button\" data-layer-label=\"doc81uwys2qtrr1kqridhwt\" data-layer-value=\"https:\/\/www.weser-kurier.de\/bremen\/stadtteil-mitte\/1\" rel=\"nofollow noopener\" target=\"_blank\">Zur Startseite<\/a><\/p>\n","protected":false},"excerpt":{"rendered":"Bundespolizisten nahmen am Donnerstagabend einen 50-j\u00e4hrigen Mann im Bremer Hauptbahnhof vorl\u00e4ufig fest. Wie die Bundespolizei mitteilte, war der&hellip;\n","protected":false},"author":2,"featured_media":330000,"comment_status":"","ping_status":"","sticky":false,"template":"","format":"standard","meta":{"footnotes":""},"categories":[1824],"tags":[2420,3364,29,30],"class_list":{"0":"post-329999","1":"post","2":"type-post","3":"status-publish","4":"format-standard","5":"has-post-thumbnail","7":"category-bremen","8":"tag-bremen","9":"tag-de","10":"tag-deutschland","11":"tag-germany"},"share_on_mastodon":{"url":"https:\/\/pubeurope.com\/@de\/114995909590285952","error":""},"_links":{"self":[{"href":"https:\/\/www.europesays.com\/de\/wp-json\/wp\/v2\/posts\/329999","targetHints":{"allow":["GET"]}}],"collection":[{"href":"https:\/\/www.europesays.com\/de\/wp-json\/wp\/v2\/posts"}],"about":[{"href":"https:\/\/www.europesays.com\/de\/wp-json\/wp\/v2\/types\/post"}],"author":[{"embeddable":true,"href":"https:\/\/www.europesays.com\/de\/wp-json\/wp\/v2\/users\/2"}],"replies":[{"embeddable":true,"href":"https:\/\/www.europesays.com\/de\/wp-json\/wp\/v2\/comments?post=329999"}],"version-history":[{"count":0,"href":"https:\/\/www.europesays.com\/de\/wp-json\/wp\/v2\/posts\/329999\/revisions"}],"wp:featuredmedia":[{"embeddable":true,"href":"https:\/\/www.europesays.com\/de\/wp-json\/wp\/v2\/media\/330000"}],"wp:attachment":[{"href":"https:\/\/www.europesays.com\/de\/wp-json\/wp\/v2\/media?parent=329999"}],"wp:term":[{"taxonomy":"category","embeddable":true,"href":"https:\/\/www.europesays.com\/de\/wp-json\/wp\/v2\/categories?post=329999"},{"taxonomy":"post_tag","embeddable":true,"href":"https:\/\/www.europesays.com\/de\/wp-json\/wp\/v2\/tags?post=329999"}],"curies":[{"name":"wp","href":"https:\/\/api.w.org\/{rel}","templated":true}]}}