{"id":330092,"date":"2025-08-09T01:07:14","date_gmt":"2025-08-09T01:07:14","guid":{"rendered":"https:\/\/www.europesays.com\/de\/330092\/"},"modified":"2025-08-09T01:07:14","modified_gmt":"2025-08-09T01:07:14","slug":"sc-preussen-muenster-sc-paderborn-07-muenster-hat-luft-nach-oben-2-bundesliga","status":"publish","type":"post","link":"https:\/\/www.europesays.com\/de\/330092\/","title":{"rendered":"SC Preu\u00dfen M\u00fcnster &#8211; SC Paderborn 07: M\u00fcnster hat Luft nach oben &#8211; 2. Bundesliga"},"content":{"rendered":"<p class=\"is-first-paragraph\" data-external=\"Article.FirstParagraph\">Luis Engelns besorgte vor 10.411 Zuschauern das 1:0 f\u00fcr Paderborn. Zur Pause war der Gast im Fahrwasser und verbuchte eine knappe F\u00fchrung. In der Pause stellte M\u00fcnster personell um: Per Doppelwechsel kamen Marcel Benger und Luca Bolay auf den Platz und ersetzten Marco Meyerh\u00f6fer und Charalambos Makridis. Jano ter Horst war zur Stelle und markierte das 1:1 der Gastgeber (61.). Letzten Endes wurde im Aufeinandertreffen des SC Preu\u00dfen M\u00fcnster mit dem SC Paderborn 07 kein Sieger ermittelt.<\/p>\n<p>Die Ausbeute von 36 Punkten sorgte daf\u00fcr, dass M\u00fcnster die abgelaufene Saison auf Rang 15 beendete. Mit einem Punkt auf der Habenseite steht der SC Preu\u00dfen M\u00fcnster derzeit auf dem zehnten Rang.<\/p>\n<p>Paderborn macht zu diesem fr\u00fchen Saisonzeitpunkt Boden in der Tabelle gut und steht nun auf Rang zwei.<\/p>\n<p>Beide Mannschaften erwartet erst einmal eine mehrw\u00f6chige Spielpause. Weiter geht es f\u00fcr M\u00fcnster, wenn der 1. FC N\u00fcrnberg am 22.08.2025 zu Gast ist. Der SC Paderborn 07 empf\u00e4ngt einen Tag sp\u00e4ter Fortuna D\u00fcsseldorf.<\/p>\n<p><b>Dieser Artikel wurde automatisch von unserem Partner Retresco anhand von Spieldaten erstellt.<\/b><\/p>\n","protected":false},"excerpt":{"rendered":"Luis Engelns besorgte vor 10.411 Zuschauern das 1:0 f\u00fcr Paderborn. Zur Pause war der Gast im Fahrwasser und&hellip;\n","protected":false},"author":2,"featured_media":321717,"comment_status":"","ping_status":"","sticky":false,"template":"","format":"standard","meta":{"footnotes":""},"categories":[1843],"tags":[3364,29,30,8970,1209,3694],"class_list":{"0":"post-330092","1":"post","2":"type-post","3":"status-publish","4":"format-standard","5":"has-post-thumbnail","7":"category-muenster","8":"tag-de","9":"tag-deutschland","10":"tag-germany","11":"tag-muenster","12":"tag-nordrhein-westfalen","13":"tag-textengine"},"share_on_mastodon":{"url":"https:\/\/pubeurope.com\/@de\/114996133494208979","error":""},"_links":{"self":[{"href":"https:\/\/www.europesays.com\/de\/wp-json\/wp\/v2\/posts\/330092","targetHints":{"allow":["GET"]}}],"collection":[{"href":"https:\/\/www.europesays.com\/de\/wp-json\/wp\/v2\/posts"}],"about":[{"href":"https:\/\/www.europesays.com\/de\/wp-json\/wp\/v2\/types\/post"}],"author":[{"embeddable":true,"href":"https:\/\/www.europesays.com\/de\/wp-json\/wp\/v2\/users\/2"}],"replies":[{"embeddable":true,"href":"https:\/\/www.europesays.com\/de\/wp-json\/wp\/v2\/comments?post=330092"}],"version-history":[{"count":0,"href":"https:\/\/www.europesays.com\/de\/wp-json\/wp\/v2\/posts\/330092\/revisions"}],"wp:featuredmedia":[{"embeddable":true,"href":"https:\/\/www.europesays.com\/de\/wp-json\/wp\/v2\/media\/321717"}],"wp:attachment":[{"href":"https:\/\/www.europesays.com\/de\/wp-json\/wp\/v2\/media?parent=330092"}],"wp:term":[{"taxonomy":"category","embeddable":true,"href":"https:\/\/www.europesays.com\/de\/wp-json\/wp\/v2\/categories?post=330092"},{"taxonomy":"post_tag","embeddable":true,"href":"https:\/\/www.europesays.com\/de\/wp-json\/wp\/v2\/tags?post=330092"}],"curies":[{"name":"wp","href":"https:\/\/api.w.org\/{rel}","templated":true}]}}