{"id":330493,"date":"2025-08-09T05:09:10","date_gmt":"2025-08-09T05:09:10","guid":{"rendered":"https:\/\/www.europesays.com\/de\/330493\/"},"modified":"2025-08-09T05:09:10","modified_gmt":"2025-08-09T05:09:10","slug":"erloese-aus-kirmeskalender-2025-verkauf","status":"publish","type":"post","link":"https:\/\/www.europesays.com\/de\/330493\/","title":{"rendered":"Erl\u00f6se aus Kirmeskalender 2025 &#8211; Verkauf"},"content":{"rendered":"<p class=\"small date article__date\">Ver\u00f6ffentlicht:\u00a0Samstag, 09.08.2025 06:38<\/p>\n<p>Das Evangelische Kinderheim und die Initiative Kurve kriegen freuen sich \u00fcber Finanzspritze<\/p>\n<p><img decoding=\"async\" alt=\"\" src=\"https:\/\/www.europesays.com\/de\/wp-content\/uploads\/2025\/08\/pm---cranger-kirmeskalender-2025.jpg&#038;crop=0x0x2000x1250&#038;resize=1280x800&#038;dt=202505241043070.jpeg\" data-size=\"1280x800\"\/>\u00a9 Bildarchiv der Stadt Herne<\/p>\n<p>Zwei Einrichtungen k\u00f6nnen sich auf eine Finanzspritze freuen: das Evangelische Kinderheim und die Initiative Kurve kriegen. Das meldet das Stadtmarketing. Das Kinderheim kann sich \u00fcber 7000, Kurve kriegen \u00fcber 5000 Euro freuen. M\u00f6glich gemacht hat das der Kirmeskalender des Leo Clubs Wanne-Eickel \u201eDickk\u00f6ppe\u201c. Alle 3.000 Exemplare seien in diesem Jahr verkauft worden, 250 Preise waren dabei. Der Kalender funktioniert wie ein Adventskalender und hat 24 T\u00f6rchen, die im Juli das Warten die die Cranger Kirmes verk\u00fcrzt hatten. Das Kinderheim will das Heisterkamp-Gel\u00e4nde neu gestalten, es sollen zum Beispiel neue Spielfl\u00e4chen her. Das Projekt Kurve kriegen nutzt die Spende, um gef\u00e4hrdete Jugendliche fr\u00fchzeitig aufzufangen und ihnen Alternativen zu kriminellen Laufbahnen zu zeigen. Den Kirmeskalender gibt es mittlerweile seit 13 Jahren.<\/p>\n","protected":false},"excerpt":{"rendered":"Ver\u00f6ffentlicht:\u00a0Samstag, 09.08.2025 06:38 Das Evangelische Kinderheim und die Initiative Kurve kriegen freuen sich \u00fcber Finanzspritze \u00a9 Bildarchiv der&hellip;\n","protected":false},"author":2,"featured_media":135561,"comment_status":"","ping_status":"","sticky":false,"template":"","format":"standard","meta":{"footnotes":""},"categories":[1848],"tags":[93527,36970,93528,93529,49836,93530,93526,3364,29,548,663,3934,3658,30,13,14,15,1209,12],"class_list":{"0":"post-330493","1":"post","2":"type-post","3":"status-publish","4":"format-standard","5":"has-post-thumbnail","7":"category-gelsenkirchen","8":"tag-cranger-kirmes-2025","9":"tag-cranger-kirmes","10":"tag-evangelisches-kinderheim","11":"tag-initiative-kurve-kriegen","12":"tag-kirmeskalender","13":"tag-leo-club-wanne-eickel-dickkppe","14":"tag-stadtmarketing-herne","15":"tag-de","16":"tag-deutschland","17":"tag-eu","18":"tag-europa","19":"tag-europe","20":"tag-gelsenkirchen","21":"tag-germany","22":"tag-headlines","23":"tag-nachrichten","24":"tag-news","25":"tag-nordrhein-westfalen","26":"tag-schlagzeilen"},"share_on_mastodon":{"url":"https:\/\/pubeurope.com\/@de\/114997085063212275","error":""},"_links":{"self":[{"href":"https:\/\/www.europesays.com\/de\/wp-json\/wp\/v2\/posts\/330493","targetHints":{"allow":["GET"]}}],"collection":[{"href":"https:\/\/www.europesays.com\/de\/wp-json\/wp\/v2\/posts"}],"about":[{"href":"https:\/\/www.europesays.com\/de\/wp-json\/wp\/v2\/types\/post"}],"author":[{"embeddable":true,"href":"https:\/\/www.europesays.com\/de\/wp-json\/wp\/v2\/users\/2"}],"replies":[{"embeddable":true,"href":"https:\/\/www.europesays.com\/de\/wp-json\/wp\/v2\/comments?post=330493"}],"version-history":[{"count":0,"href":"https:\/\/www.europesays.com\/de\/wp-json\/wp\/v2\/posts\/330493\/revisions"}],"wp:featuredmedia":[{"embeddable":true,"href":"https:\/\/www.europesays.com\/de\/wp-json\/wp\/v2\/media\/135561"}],"wp:attachment":[{"href":"https:\/\/www.europesays.com\/de\/wp-json\/wp\/v2\/media?parent=330493"}],"wp:term":[{"taxonomy":"category","embeddable":true,"href":"https:\/\/www.europesays.com\/de\/wp-json\/wp\/v2\/categories?post=330493"},{"taxonomy":"post_tag","embeddable":true,"href":"https:\/\/www.europesays.com\/de\/wp-json\/wp\/v2\/tags?post=330493"}],"curies":[{"name":"wp","href":"https:\/\/api.w.org\/{rel}","templated":true}]}}