{"id":330961,"date":"2025-08-09T09:44:15","date_gmt":"2025-08-09T09:44:15","guid":{"rendered":"https:\/\/www.europesays.com\/de\/330961\/"},"modified":"2025-08-09T09:44:15","modified_gmt":"2025-08-09T09:44:15","slug":"nebel-am-uebigauer-schloss-pieschen-aktuell","status":"publish","type":"post","link":"https:\/\/www.europesays.com\/de\/330961\/","title":{"rendered":"Nebel am \u00dcbigauer Schloss &#8211; Pieschen-Aktuell"},"content":{"rendered":"\n<p>Die Sonne hat sich gerade in Richtung Rethelstra\u00dfe verkr\u00fcmelt, und \u00fcber dem Imbisswagen geht ein fast schon voller Mond auf. Vor dem \u00dcbigauer Schloss t\u00fcrmt ein <a href=\"https:\/\/de.wikipedia.org\/wiki\/Das_Eismeer#\/media\/Datei:Caspar_David_Friedrich_-_Das_Eismeer_-_Hamburger_Kunsthalle_-_02.jpg\" rel=\"nofollow noopener\" target=\"_blank\">Eisberg<\/a>. Zwei Knaben springen fr\u00f6hlich herum. Wer die Geschichte von Caspar David Friedrich kennt, wei\u00df, was gleich kommt. <img fetchpriority=\"high\" decoding=\"async\" src=\"https:\/\/pieschen-aktuell.de\/wp-content\/uploads\/2025\/08\/2025-08-08-Wanderer_SzenecRobertJentzsch-12-jpg.avif\" alt=\"Szene aus &quot;Der Wanderer \u00fcber dem Nebelmeer&quot; - Foto: PR Com\u00f6die\/Robert Jentzsch\" width=\"2400\" height=\"1350\" class=\"size-full wp-image-60479\"  \/>Szene aus \u201eDer Wanderer \u00fcber dem Nebelmeer\u201c \u2013 Foto: PR Com\u00f6die\/Robert Jentzsch <\/p>\n<p>Christian K\u00fchn, der k\u00fcnstlerische Leiter der Com\u00f6die Dresden hat hier eine sehr gelungene Inszenierung hingelegt. Er hat das Buch geschrieben und auch Regie gef\u00fchrt. Geschickt verkn\u00fcpft er aktuelle politische Themen wie den Klimawandel und prek\u00e4re Arbeitsverh\u00e4ltnisse mit der Geschichte des ber\u00fchmten Romantik-Malers Friedrich (Daniel Tille). <\/p>\n<p>Daf\u00fcr l\u00e4sst er sogar Carl Gustav Carus (Felix Heller) und Johann Wolfgang von Goethe (Sebastian Lohse) auftreten. Friedrichs Widerpart ist Edgar (Timo Stacey), der eigentlich das ber\u00fchmte Bild <a href=\"https:\/\/de.wikipedia.org\/wiki\/Der_Wanderer_%C3%BCber_dem_Nebelmeer#\/media\/Datei:Ueber-die-sammlung-19-jahrhundert-caspar-david-friedrich-wanderer-ueber-dem-nebelmeer.jpg\" target=\"_blank\" rel=\"nofollow noopener\">\u201eWanderer \u00fcber dem Nebelmeer\u201c<\/a> in einer politischen Aktion verbrennen will, aber im Koma liegt und nun von CDF sehr realistisch tr\u00e4umt. Oder tr\u00e4umt CDF von Edgar, den er als seinen Bruder wahrnimmt. Das bleibt offen, hilft aber die Handlung zusammenzuf\u00fchren. <img loading=\"lazy\" decoding=\"async\" src=\"https:\/\/pieschen-aktuell.de\/wp-content\/uploads\/2025\/08\/2025-08-08-Schloss-mit-Eisberg-jpg.avif\" alt=\"Eisschollen t\u00fcrmen sich vor dem Schloss \u00dcbigau. Foto: J. Frintert\" width=\"2400\" height=\"1350\" class=\"size-full wp-image-60480\"  \/>Eisschollen t\u00fcrmen sich vor dem Schloss \u00dcbigau. Foto: J. Frintert <\/p>\n<p>Musikalisch unterlegt ist das St\u00fcck mit Titeln von Silbermond, der Pop-Rock-Band aus Bautzen. Dabei setzt der musikalische Leiter Stephan Ohm nicht unbedingt auf die gr\u00f6\u00dften Hits der Band. Er hat sich die inhaltlich am besten passenden Songs herausgesucht. Ein bisschen G\u00e4nsehaut ist schon dabei, wenn die Pop-Texte pl\u00f6tzlich zu einer 250 Jahre alten Geschichte passen. <\/p>\n<p>Entstanden ist jedoch bei weitem kein trockenes Geschichtsst\u00fcck \u00fcber einen tr\u00fcbsinnigen Nebel-Maler. K\u00fchn setzt immer wieder humorige Details, insbesondere die Schwiegermutter von Friedrich (Kathi Damerow) sorgt mit s\u00e4chsischer Mundart und anbiedernder Goethe-Verehrung f\u00fcr lautstarke Lacher. <\/p>\n<p>Alles in allem ein wunderbar gelungenes St\u00fcck, hervorragend geeignet, auch Museums- und Geschichtsmuffel mit einem kleinen bisschen CDF-Fieber zu infizieren. Denn eins ist klar. Nach dem St\u00fcck geht\u2019s rauf auf die Kaiserkrone. <\/p>\n<p>Kleiner Wermutstropfen: Es wird nur noch an zwei Abenden gespielt und beide sind komplett ausverkauft. Aber, so Felix Heller aka Carl Gustav Carus, zum Abschluss der Vorstellung: \u201eDer Vorverkauf f\u00fcr 2026 ist schon gestartet.\u201c <\/p>\n<p>Tickets und weitere Informationen <\/p>\n<ul>\n<li><a href=\"https:\/\/www.comoedie-dresden.de\/produktion\/der-wanderer-ueber-dem-nebelmeer\/\" target=\"_blank\" rel=\"nofollow noopener\">www.comoedie-dresden.de<\/a><\/li>\n<li>Ab 14. August gibt es dann \u201eNat\u00fcrlich Blond\u201c am Elbschloss \u00dcbigau zu sehen. Daf\u00fcr sind noch einige Karten zu haben.<\/li>\n<\/ul>\n","protected":false},"excerpt":{"rendered":"Die Sonne hat sich gerade in Richtung Rethelstra\u00dfe verkr\u00fcmelt, und \u00fcber dem Imbisswagen geht ein fast schon voller&hellip;\n","protected":false},"author":2,"featured_media":330962,"comment_status":"","ping_status":"","sticky":false,"template":"","format":"standard","meta":{"footnotes":""},"categories":[1835],"tags":[3364,29,2386,30,859],"class_list":{"0":"post-330961","1":"post","2":"type-post","3":"status-publish","4":"format-standard","5":"has-post-thumbnail","7":"category-dresden","8":"tag-de","9":"tag-deutschland","10":"tag-dresden","11":"tag-germany","12":"tag-sachsen"},"share_on_mastodon":{"url":"https:\/\/pubeurope.com\/@de\/114998166740321919","error":""},"_links":{"self":[{"href":"https:\/\/www.europesays.com\/de\/wp-json\/wp\/v2\/posts\/330961","targetHints":{"allow":["GET"]}}],"collection":[{"href":"https:\/\/www.europesays.com\/de\/wp-json\/wp\/v2\/posts"}],"about":[{"href":"https:\/\/www.europesays.com\/de\/wp-json\/wp\/v2\/types\/post"}],"author":[{"embeddable":true,"href":"https:\/\/www.europesays.com\/de\/wp-json\/wp\/v2\/users\/2"}],"replies":[{"embeddable":true,"href":"https:\/\/www.europesays.com\/de\/wp-json\/wp\/v2\/comments?post=330961"}],"version-history":[{"count":0,"href":"https:\/\/www.europesays.com\/de\/wp-json\/wp\/v2\/posts\/330961\/revisions"}],"wp:featuredmedia":[{"embeddable":true,"href":"https:\/\/www.europesays.com\/de\/wp-json\/wp\/v2\/media\/330962"}],"wp:attachment":[{"href":"https:\/\/www.europesays.com\/de\/wp-json\/wp\/v2\/media?parent=330961"}],"wp:term":[{"taxonomy":"category","embeddable":true,"href":"https:\/\/www.europesays.com\/de\/wp-json\/wp\/v2\/categories?post=330961"},{"taxonomy":"post_tag","embeddable":true,"href":"https:\/\/www.europesays.com\/de\/wp-json\/wp\/v2\/tags?post=330961"}],"curies":[{"name":"wp","href":"https:\/\/api.w.org\/{rel}","templated":true}]}}