{"id":330971,"date":"2025-08-09T09:49:14","date_gmt":"2025-08-09T09:49:14","guid":{"rendered":"https:\/\/www.europesays.com\/de\/330971\/"},"modified":"2025-08-09T09:49:14","modified_gmt":"2025-08-09T09:49:14","slug":"parteimitglieder-in-essen-angegriffen-radio-essen","status":"publish","type":"post","link":"https:\/\/www.europesays.com\/de\/330971\/","title":{"rendered":"Parteimitglieder in Essen angegriffen &#8211; Radio Essen"},"content":{"rendered":"<p>Polizei Essen ermittelt nach Angriff im Bus<\/p>\n<p>Am Freitagabend (08. August) gegen halb elf wurden mehrere Mitglieder der Partei &#8222;Die Linke&#8220; in Essen angegriffen. Sie waren auf einer <a href=\"https:\/\/www.radioessen.de\/artikel\/nazi-aufmarsch-in-essen-kray-staatsschutz-schaut-genau-hin-2359065.html\" rel=\"noopener noreferrer nofollow\" target=\"_blank\">Demonstration gegen die rechte Szene in Kray<\/a> und wollten mit dem Bus zur\u00fcck zu ihrer Parteizentrale im Ostviertel fahren. Im Bus, noch an der Haltestelle Kiwittstra\u00dfe, wurden sie pl\u00f6tzlich von mehreren Personen angegriffen. Eine genaue Zahl kann die Polizei auf Radio Essen-Nachfrage nicht nennen, es seien aber zwischen zehn und zwanzig Personen gewesen. Die Linke ordnet sie der rechten Szene zu, die Polizei ermittelt hierzu noch. Die mutma\u00dflichen T\u00e4ter sollen auf die Parteimitglieder losgegangen sein. Die Polizei spricht von &#8222;einfacher k\u00f6rperlicher Gewalt&#8220;. Dadurch wurden mehrere Personen leicht verletzt und dann vor Ort von Rettungskr\u00e4ften behandelt. Die Polizei Essen hat Strafverfahren wegen Landfriedensbruch eingeleitet.<\/p>\n<p>Mehr Nachrichten aus Essen<\/p>\n","protected":false},"excerpt":{"rendered":"Polizei Essen ermittelt nach Angriff im Bus Am Freitagabend (08. August) gegen halb elf wurden mehrere Mitglieder der&hellip;\n","protected":false},"author":2,"featured_media":172186,"comment_status":"","ping_status":"","sticky":false,"template":"","format":"standard","meta":{"footnotes":"","_share_on_mastodon":"0"},"categories":[1834],"tags":[15557,3275,3110,3364,29,536,3688,30,1209,16,121],"class_list":["post-330971","post","type-post","status-publish","format-standard","has-post-thumbnail","category-essen","tag-kray","tag-lokalnachrichten","tag-attacke","tag-de","tag-deutschland","tag-die-linke","tag-essen","tag-germany","tag-nordrhein-westfalen","tag-politik","tag-polizei"],"share_on_mastodon":{"url":"https:\/\/pubeurope.com\/@de\/114998186109332437","error":""},"_links":{"self":[{"href":"https:\/\/www.europesays.com\/de\/wp-json\/wp\/v2\/posts\/330971","targetHints":{"allow":["GET"]}}],"collection":[{"href":"https:\/\/www.europesays.com\/de\/wp-json\/wp\/v2\/posts"}],"about":[{"href":"https:\/\/www.europesays.com\/de\/wp-json\/wp\/v2\/types\/post"}],"author":[{"embeddable":true,"href":"https:\/\/www.europesays.com\/de\/wp-json\/wp\/v2\/users\/2"}],"replies":[{"embeddable":true,"href":"https:\/\/www.europesays.com\/de\/wp-json\/wp\/v2\/comments?post=330971"}],"version-history":[{"count":0,"href":"https:\/\/www.europesays.com\/de\/wp-json\/wp\/v2\/posts\/330971\/revisions"}],"wp:featuredmedia":[{"embeddable":true,"href":"https:\/\/www.europesays.com\/de\/wp-json\/wp\/v2\/media\/172186"}],"wp:attachment":[{"href":"https:\/\/www.europesays.com\/de\/wp-json\/wp\/v2\/media?parent=330971"}],"wp:term":[{"taxonomy":"category","embeddable":true,"href":"https:\/\/www.europesays.com\/de\/wp-json\/wp\/v2\/categories?post=330971"},{"taxonomy":"post_tag","embeddable":true,"href":"https:\/\/www.europesays.com\/de\/wp-json\/wp\/v2\/tags?post=330971"}],"curies":[{"name":"wp","href":"https:\/\/api.w.org\/{rel}","templated":true}]}}