{"id":331039,"date":"2025-08-09T10:26:21","date_gmt":"2025-08-09T10:26:21","guid":{"rendered":"https:\/\/www.europesays.com\/de\/331039\/"},"modified":"2025-08-09T10:26:21","modified_gmt":"2025-08-09T10:26:21","slug":"biowetter-halle-saale-heute-kreislauf-unter-druck-wetterlage-mit-hoher-belastung","status":"publish","type":"post","link":"https:\/\/www.europesays.com\/de\/331039\/","title":{"rendered":"Biowetter Halle (Saale) heute: Kreislauf unter Druck! Wetterlage mit hoher Belastung"},"content":{"rendered":"<p>In Halle (Saale) beeinflusst das Wetter am Samstag, den 09.08.2025 <a href=\"https:\/\/www.news.de\/thema\/gesundheit\/1\/\" rel=\"nofollow noopener\" target=\"_blank\"><strong>Gesundheit<\/strong><\/a> und Wohlbefinden in unterschiedlichem Ma\u00df. Geringe Belastungen betreffen den Wettereinfluss auf Asthma. Eine starke gesundheitliche Gef\u00e4hrdung ergibt sich durch den Wettereinfluss auf das allgemeine Befinden, auf Herz- und Kreislaufgeschehen (hypotone Form), auf Herz- und Kreislaufgeschehen (hypertone Form) und auf entz\u00fcndliche rheumatische Beschwerden, hier ist besondere Vorsicht geboten.  <\/p>\n<tr>HeuteMorgen VormittagMorgen Nachmittag<\/tr>\n<tr>\n<td>Wettereinfluss auf das allgemeine Befinden<\/td>\n<td>\ud83d\udd34<\/td>\n<td>\ud83d\udfe2<\/td>\n<td>\ud83d\udd35<\/td>\n<\/tr>\n<tr>\n<td>Wettereinfluss auf Herz- und Kreislaufgeschehen (hypotone Form)<\/td>\n<td>\ud83d\udd34<\/td>\n<td>\ud83d\udd35<\/td>\n<td>\ud83d\udfe1<\/td>\n<\/tr>\n<tr>\n<td>Wettereinfluss auf Herz- und Kreislaufgeschehen (hypertone Form)<\/td>\n<td>\ud83d\udd34<\/td>\n<td>\ud83d\udfe1<\/td>\n<td>\ud83d\udd35<\/td>\n<\/tr>\n<tr>\n<td>Wettereinfluss auf entz\u00fcndliche rheumatische Beschwerden<\/td>\n<td>\ud83d\udd34<\/td>\n<td>\ud83d\udd35<\/td>\n<td>\ud83d\udd35<\/td>\n<\/tr>\n<tr>\n<td>Wettereinfluss auf degenerative rheumatische Beschwerden<\/td>\n<td>\ud83d\udd35<\/td>\n<td>\ud83d\udfe1<\/td>\n<td>\ud83d\udd35<\/td>\n<\/tr>\n<tr>\n<td>Wettereinfluss auf Asthma<\/td>\n<td>\ud83d\udfe1<\/td>\n<td>\ud83d\udd35<\/td>\n<td>\ud83d\udd35<\/td>\n<\/tr>\n<tr>\n<td>Thermische Belastung<\/td>\n<td>\ud83d\udd34<\/td>\n<td>\ud83d\udd35<\/td>\n<td>\ud83d\udfe1<\/td>\n<\/tr>\n<p><strong>Legende:<\/strong> \ud83d\udd35 <strong>= kein Einfluss<\/strong> \ud83d\udfe2 <strong>= positiver Einfluss<\/strong> \ud83d\udfe1 <strong>= geringe Gef\u00e4hrdung<\/strong> \ud83d\udd34 <strong>= hohe Gef\u00e4hrdung<\/strong>  <\/p>\n<p>In Halle (Saale) herrscht heute mit 27 \u00b0C Lufttemperatur (min. 16 \u00b0C bis max. 29 \u00b0C) und einer gef\u00fchlten Temperatur von 27 \u00b0C eine <strong>starke W\u00e4rmebelastung<\/strong>. Das Klima-Michel-Modell des DWD ber\u00fccksichtigt dabei zus\u00e4tzlich eine relative Luftfeuchtigkeit von 49 %,  6\u202fkm\/h Windgeschwindigkeit sowie einen UV-Index von 5,44, die das subjektive Empfinden verst\u00e4rken.  <\/p>\n<p>Wetterf\u00fchligkeit in Halle (Saale): Wie wirkt sich das Biowetter am Samstag auf den K\u00f6rper aus?<\/p>\n<p>Das psychisch-geistige Befinden kann empfindlich auf bestimmte Witterungsfaktoren reagieren \u2013 insbesondere auf Lichtverh\u00e4ltnisse, Luftdruckver\u00e4nderungen sowie rasche Temperaturumschw\u00fcnge. Auch Wetterlagen mit hoher Luftfeuchtigkeit oder anhaltender Bew\u00f6lkung gelten als m\u00f6gliche Ausl\u00f6ser f\u00fcr M\u00fcdigkeit, Reizbarkeit oder Stimmungsschwankungen. Die aktuelle Wetterlage in Halle (Saale) kann bei wetterf\u00fchligen Menschen deutlich auf Stimmung, Antrieb und Konzentration schlagen \u2013 bis hin zu Gereiztheit oder Ersch\u00f6pfung. F\u00fcr wetterf\u00fchlige Personen lohnt am Samstag ein genauerer Blick auf die folgenden Aspekte:  <\/p>\n<p>\ud83d\udd34 <strong>psychisch-geistige Leistungsf\u00e4higkeit &#8211; hohe Gef\u00e4hrdung:<\/strong> Bei empfindlichen Personen kann das Wetter am 09.08.2025 zu mentaler Erm\u00fcdung, Denkverlangsamung oder Antriebsminderung beitragen.<br \/>\ud83d\udd35 <strong>Bereitschaft zu Depressionen &#8211; kein Einfluss:<\/strong> Wetterbedingte Stimmungsschwankungen sind derzeit nicht zu erwarten.<br \/>\ud83d\udd34 <strong>Konzentrations- und Leistungsf\u00e4higkeit &#8211; hohe Gef\u00e4hrdung:<\/strong> Es besteht ein erh\u00f6htes Risiko f\u00fcr Konzentrationsmangel und geistige Ersch\u00f6pfung \u2013 vor allem bei sensiblen oder belasteten Personen.<br \/>\ud83d\udd34 <strong>Reizbarkeit und motorische Unruhe &#8211; hohe Gef\u00e4hrdung:<\/strong> Die Bedingungen beg\u00fcnstigen eine erh\u00f6hte Reizbarkeit und Unruhe \u2013 besonders bei wetterf\u00fchligen Menschen oder Personen mit hoher Stressanf\u00e4lligkeit.<\/p>\n<p>\u2b50<strong>TIPP:<\/strong> Im Tagesverlauf gibt es in Bezug auf das allgemeine Befinden heute folgende Empfehlung: Aufenthalt im Freien mittags und nachmittags vermeiden,  ausreichende Fl\u00fcssigkeitszufuhr, leichte Kost &#8211; erh\u00f6hte F\u00fcrsorge f\u00fcr \u00e4ltere Menschen und Kinder, erh\u00f6hte Vorsicht im Stra\u00dfenverkehr.  <\/p>\n<p>Redaktionelle Empfehlungen rund ums Thema Gesundheit:  <\/p>\n<p>Herz-Kreislauf-Wetter heute in Halle (Saale)<\/p>\n<p>Bei den aktuell in Halle (Saale) vorherrschenden Bedingungen \u2013 W\u00e4rme, m\u00e4\u00dfige Luftfeuchtigkeit und m\u00e4\u00dfiger Wind \u2013 k\u00f6nnen wetterbedingte Einfl\u00fcsse auf das Herz-Kreislauf-System auftreten. Ob und in welchem Ausma\u00df eine Wirkung eintritt, h\u00e4ngt dabei von der individuellen Empfindlichkeit und dem Gesundheitszustand der jeweiligen Person ab. W\u00e4hrend w\u00e4rmere Temperaturen und geringe Luftbewegung bei Personen mit niedrigem Blutdruck zu Schwindel oder Mattigkeit f\u00fchren k\u00f6nnen, besteht bei k\u00e4lteren Luftstr\u00f6mungen oder pl\u00f6tzlicher Windzunahme f\u00fcr Bluthochdruckpatienten ein erh\u00f6htes Risiko f\u00fcr Blutdruckanstieg. Auch bei erh\u00f6hter Luftfeuchte kann die Regulation der K\u00f6rpertemperatur erschwert sein, was den Kreislauf zus\u00e4tzlich belasten kann \u2013 vor allem bei bestehenden Herz-Kreislauf-Erkrankungen.  <\/p>\n<p>\ud83d\udd34 <strong>Niedriger Blutdruck &#8211; hohe Gef\u00e4hrdung:<\/strong> F\u00fcr Menschen mit niedrigem Blutdruck besteht am 09.08.2025 ein hohes Risiko f\u00fcr Kreislaufbeschwerden, etwa Schwindel, Schw\u00e4che oder Kreislaufkollaps.<br \/>\ud83d\udd34 <strong>Bluthochdruck &#8211; hohe Gef\u00e4hrdung:<\/strong> Menschen mit Hypertonie sollten sich heute besonders schonen, da das Wetter zu deutlich erh\u00f6htem Blutdruck und Kreislaufbelastung f\u00fchren kann.<br \/>\ud83d\udd35 <strong>Angina-pectoris-Anf\u00e4lligkeit &#8211; kein Einfluss:<\/strong> F\u00fcr Personen mit Angina pectoris sind derzeit keine wetterbedingten Beschwerden zu erwarten.  <\/p>\n<p>\u2b50<strong>TIPP:<\/strong> Der Deutsche Wetterdienst empfiehlt beim Problemen mit Herz und Kreislauf f\u00fcr heute: Aufenthalt im Freien mittags und nachmittags vermeiden,  ausreichende Fl\u00fcssigkeitszufuhr, leichte Kost &#8211; erh\u00f6hte F\u00fcrsorge f\u00fcr \u00e4ltere Menschen und Kinder, erh\u00f6hte Vorsicht im Stra\u00dfenverkehr.  <\/p>\n<p>Wetterbedingte Kopfschmerzen und Migr\u00e4ne<\/p>\n<p>Auch das Schmerzempfinden steht in Wechselwirkung mit bestimmten Wetterfaktoren \u2013 insbesondere mit Luftdruckschwankungen, hoher oder stark variierender Luftfeuchtigkeit, Temperaturwechseln sowie F\u00f6hn- oder Gewitterlagen. Solche Wetterlagen k\u00f6nnen bei sensiblen Personen die Schmerzempfindlichkeit, Migr\u00e4neanf\u00e4lligkeit oder durchblutungsbedingte Kopfschmerzen beeinflussen.  <\/p>\n<p>\ud83d\udd35 <strong>Schmerzempfindlichkeit &#8211; kein Einfluss:<\/strong> Das Wetter am 09.08.2025 in der Region Halle (Saale) hat voraussichtlich keinen Einfluss auf die allgemeine Schmerzempfindlichkeit.<br \/>\ud83d\udd34 <strong>Migr\u00e4ne- und Kopfschmerzanf\u00e4lligkeit &#8211; hohe Gef\u00e4hrdung:<\/strong> Die derzeitige Wetterlage beg\u00fcnstigt das Auftreten von Kopfschmerzen oder Migr\u00e4neattacken \u2013 besonders bei Betroffenen mit bekannter Wetterf\u00fchligkeit.<br \/>\ud83d\udd34 <strong>Kopfschmerzen bei Hypotonie &#8211; hohe Gef\u00e4hrdung:<\/strong> Die momentane Wetterlage kann zu deutlich verst\u00e4rkten Kopfschmerzen bei Hypotonikern f\u00fchren \u2013 insbesondere bei gleichzeitigem Temperaturanstieg und hoher Luftfeuchtigkeit.  <\/p>\n<p>Auswirkungen des Wetters am 09.08.2025 auf rheumatische Beschwerden<\/p>\n<p>Wetterver\u00e4nderungen gelten bei vielen Menschen mit rheumatischen Erkrankungen als m\u00f6glicher Einflussfaktor auf Schmerz und Beweglichkeit. Besonders K\u00e4lte, hohe Luftfeuchtigkeit, Luftdruckschwankungen, niedriger Luftdruck, feuchtwindige Wetterlagen oder rasche Temperaturwechsel k\u00f6nnen als belastend empfunden werden &#8211; sowohl bei degenerativen als auch bei entz\u00fcndlichen Beschwerden.   <\/p>\n<p>\ud83d\udd35 <strong>Rheuma degenerativ &#8211; kein Einfluss:<\/strong> Bei der aktuellen Wetterlage sind keine sp\u00fcrbaren Auswirkungen auf degenerative Gelenkbeschwerden zu erwarten.<br \/>\ud83d\udd34 <strong>Rheuma entz\u00fcndlich &#8211; hohe Gef\u00e4hrdung:<\/strong> Die aktuelle Witterung kann entz\u00fcndlich-rheumatische Beschwerden deutlich verst\u00e4rken \u2013 etwa durch feucht-kaltes Klima oder schwankenden Luftdruck.  <\/p>\n<p>\u2b50<strong>TIPP:<\/strong> Menschen mit Rheuma sollten heute folgende Handlungsempfehlungen ber\u00fccksichtigen: Aufenthalt im Freien mittags und nachmittags vermeiden,  ausreichende Fl\u00fcssigkeitszufuhr, leichte Kost &#8211; erh\u00f6hte F\u00fcrsorge f\u00fcr \u00e4ltere Menschen und Kinder, erh\u00f6hte Vorsicht im Stra\u00dfenverkehr.  <\/p>\n<p>Heute geringe Gef\u00e4hrdung f\u00fcr Asthmatiker in Halle (Saale)<\/p>\n<p>Menschen mit Asthma oder chronischen Atemwegserkrankungen k\u00f6nnen auf bestimmte Witterungsbedingungen sensibel reagieren. Besonders kalte Luft, hohe Luftfeuchte, starker Wind oder Schadstoffbelastung gelten als m\u00f6gliche Ausl\u00f6ser f\u00fcr Atembeschwerden.  <\/p>\n<p>\ud83d\udfe1 <strong>Asthma &#8211; geringe Gef\u00e4hrdung:<\/strong> Bei empfindlichen Personen kann es zu einer leichten Reizung der Atemwege kommen, etwa durch erh\u00f6hte Luftfeuchte oder Wind.  <\/p>\n<p>\u2b50<strong>TIPP:<\/strong> Die DWD-Empfehlung f\u00fcr Asthmatikerinnen und Asthmatiker im Raum Halle (Saale): Aufenthalt im Freien mittags und nachmittags vermeiden, ausreichende Fl\u00fcssigkeitszufuhr, leichte Kost &#8211; erh\u00f6hte F\u00fcrsorge f\u00fcr \u00e4ltere Menschen und Kinder, erh\u00f6hte Vorsicht im Stra\u00dfenverkehr.  <\/p>\n<p>Pollenflug aktuell in Halle (Saale): Beifu\u00df und Gr\u00e4ser<\/p>\n<p>Am 09.08.2025 sind in der Region Tiefland <a href=\"https:\/\/www.news.de\/thema\/sachsen-anhalt\/1\/\" rel=\"nofollow noopener\" target=\"_blank\"><strong>Sachsen-Anhalt<\/strong><\/a> <a href=\"https:\/\/www.news.de\/thema\/pollen\/1\/\" rel=\"nofollow noopener\" target=\"_blank\"><strong>Pollen<\/strong><\/a> von Beifu\u00df und Gr\u00e4sern in der Luft. Besonders betroffen sind Allergiker, da die feinen Pollen bei empfindlichen Personen typische Symptome wie Niesen, tr\u00e4nende Augen oder Atembeschwerden ausl\u00f6sen k\u00f6nnen.  <\/p>\n<tr>PollenHeuteMorgen<\/tr>\n<tr>\n<td>Erle<\/td>\n<td>\ud83d\udfe9\ud83d\udfe9<\/td>\n<td>\ud83d\udfe9\ud83d\udfe9<\/td>\n<\/tr>\n<tr>\n<td>Birke<\/td>\n<td>\ud83d\udfe9\ud83d\udfe9<\/td>\n<td>\ud83d\udfe9\ud83d\udfe9<\/td>\n<\/tr>\n<tr>\n<td>Roggen<\/td>\n<td>\ud83d\udfe9\ud83d\udfe9<\/td>\n<td>\ud83d\udfe9\ud83d\udfe9<\/td>\n<\/tr>\n<tr>\n<td>Beifu\u00df<\/td>\n<td>\ud83d\udfe7\ud83d\udfe5<\/td>\n<td>\ud83d\udfe7\ud83d\udfe5<\/td>\n<\/tr>\n<tr>\n<td>Gr\u00e4ser<\/td>\n<td>\ud83d\udfe9\ud83d\udfe8<\/td>\n<td>\ud83d\udfe9\ud83d\udfe8<\/td>\n<\/tr>\n<tr>\n<td>Hasel<\/td>\n<td>\ud83d\udfe9\ud83d\udfe9<\/td>\n<td>\ud83d\udfe9\ud83d\udfe9<\/td>\n<\/tr>\n<tr>\n<td>Esche<\/td>\n<td>\ud83d\udfe9\ud83d\udfe9<\/td>\n<td>\ud83d\udfe9\ud83d\udfe9<\/td>\n<\/tr>\n<tr>\n<td>Ambrosia<\/td>\n<td>\ud83d\udfe9\ud83d\udfe9<\/td>\n<td>\ud83d\udfe9\ud83d\udfe9<\/td>\n<\/tr>\n<p><strong>Legende:<\/strong><br \/>\ud83d\udfe9\ud83d\udfe9 = keine Belastung<br \/>\ud83d\udfe9\ud83d\udfe8 = keine bis geringe Belastung \ud83d\udfe8\ud83d\udfe8 = geringe Belastung<br \/>\ud83d\udfe8\ud83d\udfe7 = geringe bis mittlere Belastung \ud83d\udfe7\ud83d\udfe7 = mittlere Belastung<br \/>\ud83d\udfe7\ud83d\udfe5 = mittlere bis hohe Belastung \ud83d\udfe5\ud83d\udfe5 = hohe Belastung  <\/p>\n<p>Beg\u00fcnstigt wird der Pollenflug vor allem durch trockenes, warmes und windiges Wetter. An solchen Tagen werden die Pollen leichter in der Luft verteilt und bleiben l\u00e4nger darin aktiv. Die regionale Vegetation beeinflusst zus\u00e4tzlich, welche Pollenarten gerade verst\u00e4rkt auftreten \u2013 das variiert je nach Jahreszeit und Standort.  <\/p>\n<p>Ein Regenfall kann kurzfristig f\u00fcr Erleichterung sorgen, da er die Pollen aus der Luft w\u00e4scht. Doch bei anschlie\u00dfender W\u00e4rme steigt die Belastung oft schnell wieder an. Besonders am Vormittag und in den fr\u00fchen Abendstunden ist die Pollenbelastung meist am h\u00f6chsten.  <\/p>\n<p>+++ Redaktioneller Hinweis: Dieser Text wurde auf Basis von aktuellen Daten von OpenWeather (TM) und dem Deutschen Wetterdienst (DWD) generiert und wird datengetrieben aktualisiert. Bei Anmerkungen oder R\u00fcckfragen wenden Sie sich bitte an hinweis@news.de. +++  <\/p>\n<p>Folgen Sie <a href=\"https:\/\/news.de\/\" target=\"_blank\" rel=\"nofollow noopener\"><strong>News.de<\/strong><\/a> schon bei <a href=\"https:\/\/www.facebook.com\/News.de\" target=\"_blank\" rel=\"nofollow noopener\"><strong>Facebook<\/strong><\/a>, <a href=\"https:\/\/twitter.com\/news_de\" target=\"_blank\" rel=\"nofollow noopener\"><strong>Twitter<\/strong><\/a>, <a href=\"https:\/\/pin.it\/11NQyAf\" target=\"_blank\" rel=\"nofollow noopener\"><strong>Pinterest<\/strong><\/a> und <a href=\"https:\/\/www.youtube.com\/channel\/UCOzsvCb0KteNrzUboTonVYA\" target=\"_blank\" rel=\"nofollow noopener\"><strong>YouTube<\/strong><\/a>? Hier finden Sie brandhei\u00dfe News, aktuelle Videos und den direkten Draht zur Redaktion.  <\/p>\n<p><a href=\"https:\/\/www.news.de\/autor\/Sarah+Knauth\/\" rel=\"author nofollow noopener\" target=\"_blank\">kns<\/a>\/roj\/news.de<\/p>\n<p>                    <script async src=\"https:\/\/platform.twitter.com\/widgets.js\" charset=\"utf-8\"><\/script><\/p>\n","protected":false},"excerpt":{"rendered":"In Halle (Saale) beeinflusst das Wetter am Samstag, den 09.08.2025 Gesundheit und Wohlbefinden in unterschiedlichem Ma\u00df. Geringe Belastungen&hellip;\n","protected":false},"author":2,"featured_media":331040,"comment_status":"","ping_status":"","sticky":false,"template":"","format":"standard","meta":{"footnotes":""},"categories":[1860],"tags":[3364,29,548,663,3934,30,141,4062,17332,13,14,15,17331,860,12],"class_list":{"0":"post-331039","1":"post","2":"type-post","3":"status-publish","4":"format-standard","5":"has-post-thumbnail","7":"category-halle-saale","8":"tag-de","9":"tag-deutschland","10":"tag-eu","11":"tag-europa","12":"tag-europe","13":"tag-germany","14":"tag-gesundheit","15":"tag-halle","16":"tag-halle-saale","17":"tag-headlines","18":"tag-nachrichten","19":"tag-news","20":"tag-saale","21":"tag-sachsen-anhalt","22":"tag-schlagzeilen"},"share_on_mastodon":{"url":"https:\/\/pubeurope.com\/@de\/114998331677543990","error":""},"_links":{"self":[{"href":"https:\/\/www.europesays.com\/de\/wp-json\/wp\/v2\/posts\/331039","targetHints":{"allow":["GET"]}}],"collection":[{"href":"https:\/\/www.europesays.com\/de\/wp-json\/wp\/v2\/posts"}],"about":[{"href":"https:\/\/www.europesays.com\/de\/wp-json\/wp\/v2\/types\/post"}],"author":[{"embeddable":true,"href":"https:\/\/www.europesays.com\/de\/wp-json\/wp\/v2\/users\/2"}],"replies":[{"embeddable":true,"href":"https:\/\/www.europesays.com\/de\/wp-json\/wp\/v2\/comments?post=331039"}],"version-history":[{"count":0,"href":"https:\/\/www.europesays.com\/de\/wp-json\/wp\/v2\/posts\/331039\/revisions"}],"wp:featuredmedia":[{"embeddable":true,"href":"https:\/\/www.europesays.com\/de\/wp-json\/wp\/v2\/media\/331040"}],"wp:attachment":[{"href":"https:\/\/www.europesays.com\/de\/wp-json\/wp\/v2\/media?parent=331039"}],"wp:term":[{"taxonomy":"category","embeddable":true,"href":"https:\/\/www.europesays.com\/de\/wp-json\/wp\/v2\/categories?post=331039"},{"taxonomy":"post_tag","embeddable":true,"href":"https:\/\/www.europesays.com\/de\/wp-json\/wp\/v2\/tags?post=331039"}],"curies":[{"name":"wp","href":"https:\/\/api.w.org\/{rel}","templated":true}]}}