{"id":331166,"date":"2025-08-09T11:34:14","date_gmt":"2025-08-09T11:34:14","guid":{"rendered":"https:\/\/www.europesays.com\/de\/331166\/"},"modified":"2025-08-09T11:34:14","modified_gmt":"2025-08-09T11:34:14","slug":"ein-buch-eine-doku-ein-podcast-28","status":"publish","type":"post","link":"https:\/\/www.europesays.com\/de\/331166\/","title":{"rendered":"Ein Buch. Eine Doku. Ein Podcast #28"},"content":{"rendered":"<p><strong>In dieser Rubrik m\u00f6chten wir Ihnen kleine, aber feine Empfehlungen aus der bunten Welt der B\u00fccher, Dokus und Podcasts geben. Diesmal im Fokus: erfolgreiche Unternehmen, ein kritischer Blick auf den alpinen Tourismus und ein Familiendrama der besonderen Art.<\/strong><\/p>\n<p><strong>\u00a0<\/strong><\/p>\n<p><strong>Ein Buch.<\/strong><\/p>\n<p><strong>\u201eWas du nicht verkaufst, verkaufen die anderen\u201c <\/strong>von<strong> Harald Kopeter<\/strong><\/p>\n<ul>&#13;<\/p>\n<li><strong>Verlag:\u00a0<\/strong>Gabal<\/li>\n<p>&#13;<\/p>\n<li><strong>Erscheinungsdatum:\u00a0<\/strong>2023<\/li>\n<p>&#13;<\/p>\n<li><strong>Seitenzahl:\u00a0<\/strong>208<strong>\u00a0<\/strong><\/li>\n<p>&#13;\n<\/ul>\n<p><strong><img loading=\"lazy\" decoding=\"async\" src=\"https:\/\/www.europesays.com\/de\/wp-content\/uploads\/2025\/08\/Verkaufsstrategien.jpeg\" title=\"Ein Buch. Eine Doku. Ein Podcast #28\" alt=\"Verkaufsstrategien.jpeg\" width=\"261\" height=\"396\" style=\"display: block; margin-left: auto; margin-right: auto;\"\/><\/strong><\/p>\n<p>In einer Welt, in der \u00dcberfluss auf Mangel trifft und selbst Selbstverst\u00e4ndlichkeiten zum Luxus werden, reicht es l\u00e4ngst nicht mehr aus, nur gute Produkte anzubieten. Wer am Markt bestehen will, braucht vor allem kreative und unkonventionelle Verkaufsans\u00e4tze.<\/p>\n<p>Was zeichnet erfolgreiche Unternehmen wirklich aus? Von der inneren Haltung \u00fcber das Gesp\u00fcr f\u00fcr KundInnen und Mitarbeitende bis hin zu smarten Verkaufsstrategien \u2013 Harald Kopeter hat 151 Business-Geschichten gesammelt, die zeigen, wie erfolgreiche Firmen wirklich ticken und welche klaren Prinzipien und Erfolgsfaktoren hinter ihrem Wachstum stehen.<\/p>\n<p><strong>\u00a0<\/strong><\/p>\n<p><strong>Eine Doku.<\/strong><\/p>\n<p><strong>\u201eBerge in Gefahr: Wie viel Tourismus ist zu viel?\u201c <\/strong>vom<strong>\u00a0Bayerischen Rundfunk <\/strong><\/p>\n<ul>&#13;<\/p>\n<li><strong>Zu sehen bei:\u00a0<\/strong>Netflix<\/li>\n<p>&#13;<\/p>\n<li><strong>Erscheinungsjahr:\u00a0<\/strong>2024<\/li>\n<p>&#13;<\/p>\n<li><strong>Dauer:\u00a0<\/strong>30:45 Minuten<strong>\u00a0<\/strong><\/li>\n<p>&#13;\n<\/ul>\n<p><img loading=\"lazy\" decoding=\"async\" src=\"https:\/\/www.europesays.com\/de\/wp-content\/uploads\/2025\/08\/Berge_in_Gefahr.jpeg\" title=\"Ein Buch. Eine Doku. Ein Podcast #28\" alt=\"Berge_in_Gefahr.jpeg\" width=\"450\" height=\"253\" style=\"display: block; margin-left: auto; margin-right: auto;\"\/><\/p>\n<p>Einst waren sie der Inbegriff unber\u00fchrter Natur \u2013 heute stehen die Alpen an einem Wendepunkt. Der Tourismus hat inzwischen un\u00fcbersehbar tiefe Spuren hinterlassen: Erosion, schmelzende Gletscher und ver\u00e4nderte \u00d6kosysteme sind nur einige der gravierenden Folgen. In der Episode von \u201ePast Forward\u201c wird ein kritischer Blick auf die jahrzehntelangen Eingriffe des Menschen in die alpine Landschaft geworfen und der zentralen Frage nachgegangen: Wie viel Tourismus ist eigentlich zu viel?<\/p>\n<p><strong>\u00a0<\/strong><\/p>\n<p><strong>Ein Podcast.<\/strong><\/p>\n<p><strong>\u201eMacht und Millionen \u2013 Der Podcast \u00fcber echte Wirtschaftskrimis\u201c <\/strong>von Business Insider, Folge<strong> \u201eDer Murdoch-Clan: Familienstreit um das Medien-Imperium&#8220;<\/strong><\/p>\n<ul>&#13;<\/p>\n<li><strong>Zu h\u00f6ren bei:\u00a0<\/strong>\u00fcberall, wo es Podcasts gibt<\/li>\n<p>&#13;<\/p>\n<li><strong>Erscheinungsdatum:\u00a0<\/strong>M\u00e4rz 2025<\/li>\n<p>&#13;<\/p>\n<li><strong>Dauer:\u00a0<\/strong>53 Minuten<\/li>\n<p>&#13;\n<\/ul>\n<p><strong>\u00a0<img loading=\"lazy\" decoding=\"async\" src=\"https:\/\/www.europesays.com\/de\/wp-content\/uploads\/2025\/08\/Macht_und_Millionen.jpeg\" title=\"Ein Buch. Eine Doku. Ein Podcast #28\" alt=\"Macht_und_Millionen.jpeg\" width=\"399\" height=\"403\" style=\"display: block; margin-left: auto; margin-right: auto;\"\/><\/strong><\/p>\n<p>In der Folge spricht Kayhan \u00d6zgen\u00e7 mit Wirtschaftsredakteur Klemens Handke \u00fcber ein aufsehenerregendes Familiendrama rund um den gef\u00fcrchteten Medienmogul Rupert Murdoch. Der australisch-amerikanische Unternehmer baute ein globales Medienimperium auf, darunter das \u201eWall Street Journal\u201c und \u201eFox News\u201c. Mit \u00fcber 20 Milliarden Dollar Verm\u00f6gen und engen politischen Verbindungen pr\u00e4gt er seit Jahrzehnten die \u00f6ffentliche Meinung. Doch nun ger\u00e4t sein Lebenswerk ins Wanken: Ein erbitterter Machtkampf mit seinen eigenen Kindern bringt das Imperium ins Straucheln.<\/p>\n","protected":false},"excerpt":{"rendered":"In dieser Rubrik m\u00f6chten wir Ihnen kleine, aber feine Empfehlungen aus der bunten Welt der B\u00fccher, Dokus und&hellip;\n","protected":false},"author":2,"featured_media":331167,"comment_status":"","ping_status":"","sticky":false,"template":"","format":"standard","meta":{"footnotes":"","_share_on_mastodon":"0"},"categories":[1774],"tags":[93642,1784,1785,29,58662,6421,214,46256,93644,30,93643,93645,3630,215,93641],"class_list":["post-331166","post","type-post","status-publish","format-standard","has-post-thumbnail","category-buecher","tag-alpiner-tourismus","tag-books","tag-buecher","tag-deutschland","tag-dokus","tag-empfehlungen","tag-entertainment","tag-familiendrama","tag-gabal","tag-germany","tag-harald-kopeter","tag-inneren-haltung","tag-podcasts","tag-unterhaltung","tag-verkaufsstrategien"],"share_on_mastodon":{"url":"https:\/\/pubeurope.com\/@de\/114998599607633583","error":""},"_links":{"self":[{"href":"https:\/\/www.europesays.com\/de\/wp-json\/wp\/v2\/posts\/331166","targetHints":{"allow":["GET"]}}],"collection":[{"href":"https:\/\/www.europesays.com\/de\/wp-json\/wp\/v2\/posts"}],"about":[{"href":"https:\/\/www.europesays.com\/de\/wp-json\/wp\/v2\/types\/post"}],"author":[{"embeddable":true,"href":"https:\/\/www.europesays.com\/de\/wp-json\/wp\/v2\/users\/2"}],"replies":[{"embeddable":true,"href":"https:\/\/www.europesays.com\/de\/wp-json\/wp\/v2\/comments?post=331166"}],"version-history":[{"count":0,"href":"https:\/\/www.europesays.com\/de\/wp-json\/wp\/v2\/posts\/331166\/revisions"}],"wp:featuredmedia":[{"embeddable":true,"href":"https:\/\/www.europesays.com\/de\/wp-json\/wp\/v2\/media\/331167"}],"wp:attachment":[{"href":"https:\/\/www.europesays.com\/de\/wp-json\/wp\/v2\/media?parent=331166"}],"wp:term":[{"taxonomy":"category","embeddable":true,"href":"https:\/\/www.europesays.com\/de\/wp-json\/wp\/v2\/categories?post=331166"},{"taxonomy":"post_tag","embeddable":true,"href":"https:\/\/www.europesays.com\/de\/wp-json\/wp\/v2\/tags?post=331166"}],"curies":[{"name":"wp","href":"https:\/\/api.w.org\/{rel}","templated":true}]}}