{"id":331596,"date":"2025-08-09T15:27:12","date_gmt":"2025-08-09T15:27:12","guid":{"rendered":"https:\/\/www.europesays.com\/de\/331596\/"},"modified":"2025-08-09T15:27:12","modified_gmt":"2025-08-09T15:27:12","slug":"3-liga-tsv-1860-muenchen-besiegt-vfl-osnabrueck-31-sport","status":"publish","type":"post","link":"https:\/\/www.europesays.com\/de\/331596\/","title":{"rendered":"3. Liga: TSV 1860 M\u00fcnchen besiegt VfL Osnabr\u00fcck 3:1 | Sport"},"content":{"rendered":"<p><b>Der TSV 1860 M\u00fcnchen gewinnt sein Heimspiel in der 3. Liga gegen den VfL Osnabr\u00fcck mit 3:1.<\/b><\/p>\n<p>Bereits fr\u00fch in der Partie geht 1860 M\u00fcnchen in F\u00fchrung. In der 10. Minute verwandelt Kevin Volland eine Freisto\u00dfflanke am zweiten Pfosten gekonnt zum 1:0. Die M\u00fcnchner bleiben offensiv gef\u00e4hrlich und erh\u00f6hen in der 41. Minute durch Florian Niederlechner auf 2:0. Ein weiter Einwurf wird von Verlaat verl\u00e4ngert, Volland trifft den Pfosten, und Niederlechner staubt ab.<\/p>\n<p>Auch interessant<\/p>\n<p>Anzeige<\/p>\n<p>Auch interessant<\/p>\n<p>Anzeige<\/p>\n<p>Nach der Pause setzt der TSV 1860 M\u00fcnchen seinen Offensivdrang fort. In der 52. Minute erzielt Sigurd Haugen das 3:0, nachdem Niederlechner den Ball flach in den Strafraum spielt und Haugen am ersten Pfosten einschiebt.<\/p>\n<p>Der VfL Osnabr\u00fcck verk\u00fcrzt in der 75. Minute auf 3:1. Patrick Kammerbauer trifft aus kurzer Distanz, nachdem ein abgef\u00e4lschter Schuss von Schumacher vor seine F\u00fc\u00dfe f\u00e4llt.<\/p>\n<p>In der Schlussphase dr\u00e4ngt Osnabr\u00fcck auf ein weiteres Tor, doch die M\u00fcnchner verteidigen geschickt und lassen kaum klare Chancen zu. 1860 M\u00fcnchen bringt die F\u00fchrung souver\u00e4n \u00fcber die Zeit und feiert einen verdienten Heimsieg.<\/p>\n","protected":false},"excerpt":{"rendered":"Der TSV 1860 M\u00fcnchen gewinnt sein Heimspiel in der 3. Liga gegen den VfL Osnabr\u00fcck mit 3:1. Bereits&hellip;\n","protected":false},"author":2,"featured_media":331597,"comment_status":"","ping_status":"","sticky":false,"template":"","format":"standard","meta":{"footnotes":""},"categories":[1827],"tags":[772,29,996,30,15469,1268,45,8811,12777],"class_list":{"0":"post-331596","1":"post","2":"type-post","3":"status-publish","4":"format-standard","5":"has-post-thumbnail","7":"category-muenchen","8":"tag-bayern","9":"tag-deutschland","10":"tag-dritte-liga","11":"tag-germany","12":"tag-ki-spielbericht","13":"tag-muenchen","14":"tag-texttospeech","15":"tag-tsv-1860-muenchen","16":"tag-vfl-osnabrueck"},"share_on_mastodon":{"url":"https:\/\/pubeurope.com\/@de\/114999515120058840","error":""},"_links":{"self":[{"href":"https:\/\/www.europesays.com\/de\/wp-json\/wp\/v2\/posts\/331596","targetHints":{"allow":["GET"]}}],"collection":[{"href":"https:\/\/www.europesays.com\/de\/wp-json\/wp\/v2\/posts"}],"about":[{"href":"https:\/\/www.europesays.com\/de\/wp-json\/wp\/v2\/types\/post"}],"author":[{"embeddable":true,"href":"https:\/\/www.europesays.com\/de\/wp-json\/wp\/v2\/users\/2"}],"replies":[{"embeddable":true,"href":"https:\/\/www.europesays.com\/de\/wp-json\/wp\/v2\/comments?post=331596"}],"version-history":[{"count":0,"href":"https:\/\/www.europesays.com\/de\/wp-json\/wp\/v2\/posts\/331596\/revisions"}],"wp:featuredmedia":[{"embeddable":true,"href":"https:\/\/www.europesays.com\/de\/wp-json\/wp\/v2\/media\/331597"}],"wp:attachment":[{"href":"https:\/\/www.europesays.com\/de\/wp-json\/wp\/v2\/media?parent=331596"}],"wp:term":[{"taxonomy":"category","embeddable":true,"href":"https:\/\/www.europesays.com\/de\/wp-json\/wp\/v2\/categories?post=331596"},{"taxonomy":"post_tag","embeddable":true,"href":"https:\/\/www.europesays.com\/de\/wp-json\/wp\/v2\/tags?post=331596"}],"curies":[{"name":"wp","href":"https:\/\/api.w.org\/{rel}","templated":true}]}}