{"id":331800,"date":"2025-08-09T17:16:11","date_gmt":"2025-08-09T17:16:11","guid":{"rendered":"https:\/\/www.europesays.com\/de\/331800\/"},"modified":"2025-08-09T17:16:11","modified_gmt":"2025-08-09T17:16:11","slug":"ulli-potofski-soll-seine-letzte-ruhe-in-gelsenkirchen-finden","status":"publish","type":"post","link":"https:\/\/www.europesays.com\/de\/331800\/","title":{"rendered":"Ulli Potofski soll seine letzte Ruhe in Gelsenkirchen finden"},"content":{"rendered":"<p class=\"font-sans font-medium\">Gelsenkirchen. Ulli Potofski ist vor einer Woche verstorben, sein Tod bewegte viele. Nun wird bekannt: Der Kultreporter soll in Schalke beigesetzt werden.<\/p>\n<p class=\"\">Vor einer Woche ist der <a href=\"https:\/\/www.waz.de\/lokales\/gelsenkirchen\/article409684977\/er-erfand-die-sendung-anpfiff-ulli-potofski-ist-tot.html\" data-category-full-path=\"https:\/\/www.waz.de\/lokales\/gelsenkirchen\/\" data-paid-status=\"premium\" data-article-publish-date=\"1754470634\" rel=\"nofollow noopener\" target=\"_blank\">Sportreporter Ulli Potofski<\/a> im Alter von 73 Jahren verstorben. Der Tod des geb\u00fcrtigen Gelsenkircheners <a href=\"https:\/\/www.waz.de\/lokales\/gelsenkirchen\/article409692745\/du-warst-mein-fernsehpapa-kollegen-wuerdigen-ulli-potofski.html\" data-category-full-path=\"https:\/\/www.waz.de\/lokales\/gelsenkirchen\/\" data-paid-status=\"premium\" data-article-publish-date=\"1754567995\" rel=\"nofollow noopener\" target=\"_blank\">hatte bundesweit Anteilnahme ausgel\u00f6st<\/a>. Jetzt wurde bekannt: Potofski soll in seiner Heimatstadt seine letzte Ruhe finden.<\/p>\n<p>   Gelsenkirchen-Newsletter: Jetzt anmelden!<\/p>\n<p class=\"text-body2 mt-2\">Nachrichten, Service, Reportagen: Jeden Tag wissen, was in unserer Stadt los ist.<\/p>\n<p class=\"text-caption text-copy-secondary\">\n          Mit meiner Anmeldung zum Newsletter stimme ich der<br \/>\n          <a href=\"https:\/\/www.waz.de\/services\/newsletter-adconsent\" class=\"text-overline text-copy-accent-negative dark:underline\" rel=\"nofollow noopener\" target=\"_blank\">Werbevereinbarung<\/a><br \/>\n          zu.\n        <\/p>\n<p class=\"\">Das teilte die Stiftung Schalker Markt mit. \u201eAls waschechter Schalker Junge hat er gegen\u00fcber seinen Lieblingsmenschen einen letzten Wunsch ge\u00e4u\u00dfert: Eine Ruhest\u00e4tte auf dem Schalke-Friedhof\u201c, so ein Sprecher. In Ermangelung eigener finanzieller M\u00f6glichkeiten sei die Stiftung von Freunden und Familie darum gebeten worden, bei der Erf\u00fcllung seines letzten Wunsches zu helfen. \u201eDem kommen wir selbstverst\u00e4ndlich gerne nach und werden Ulli eine w\u00fcrdevolle Beisetzung auf dem Schalker Fan-Feld erm\u00f6glichen.\u201c Dazu bittet die Stiftung um Spenden: Mehr Infos dazu gibt es im Internet unter stiftung-schalker-markt.de.<\/p>\n<p> Ulli Potofski wurde 1952 in Gelsenkirchen geboren <\/p>\n<p class=\"\">Ulli Potofski war am 3. August in einem Krefelder Krankenhaus an einer Leuk\u00e4mieerkrankung verstorben. 1952 geboren, war er in Schalke aufgewachsen. Bekannt wurde Potofski vor allem durch die Fu\u00dfballsendung \u201eAnpfiff\u201c, die er mit konzipierte und ab 1988 beim Fernsehsender RTL moderierte. Zwischen 1998 und 2002 moderierte er auch die Sendung \u201eAuf Schalke\u201c. Zuletzt war Potofski als Reporter beim Bezahlsender \u201eSky\u201c besch\u00e4ftigt.<\/p>\n<p class=\"\"><strong>Sie wollen keine Nachricht aus Gelsenkirchen verpassen? <a href=\"https:\/\/www.waz.de\/staedte\/gelsenkirchen\/article229659256\/Gelsenkirchen-So-abonnieren-Sie-unseren-WAZ-Newsletter.html\" data-category-full-path=\"\/staedte\/gelsenkirchen\/\" data-paid-status=\"free\" data-article-publish-date=\"1596115466\" rel=\"nofollow noopener\" target=\"_blank\">Abonnieren Sie hier unseren t\u00e4glichen Newsletter<\/a>. Mehr aus unserer Lokalredaktion gibt es auf unseren <a href=\"https:\/\/www.facebook.com\/WAZGelsenkirchen\/?locale=de_DE\" target=\"_blank\" rel=\"nofollow noopener\">Facebook<\/a>&#8211; und <a href=\"https:\/\/www.instagram.com\/waz_gelsenkirchen\/\" target=\"_blank\" rel=\"nofollow noopener\">Instagram-Kan\u00e4len.<\/a> Abonnieren Sie auch unser t\u00e4gliches, kostenloses News-Update auf <a href=\"https:\/\/www.waz.de\/staedte\/gelsenkirchen\/article241929358\/Neu-bei-WhatsApp-Jetzt-die-WAZ-Gelsenkirchen-abonnieren.html\" data-category-full-path=\"\/staedte\/gelsenkirchen\/\" data-paid-status=\"default\" data-article-publish-date=\"1711449600\" rel=\"nofollow noopener\" target=\"_blank\">WhatsApp<\/a>. Oder besuchen Sie die WAZ Gelsenkirchen jetzt auf <a href=\"https:\/\/www.tiktok.com\/@waz_gelsenkirchen?lang=de-DE\" target=\"_blank\" rel=\"nofollow noopener\">TikTok<\/a>. <\/strong><\/p>\n<p class=\"\">Das <a href=\"https:\/\/www.waz.de\/lokales\/article402577894.ece\" data-category-full-path=\"https:\/\/www.waz.de\/lokales\/\" data-paid-status=\"default\" data-article-publish-date=\"1614261867\" target=\"_blank\" rel=\"nofollow noopener\">Schalker Fan-Feld<\/a> gibt es bereits seit 2012 auf dem Friedhof in Beckhausen-Sutum. In Sichtweite der Veltins-Arena k\u00f6nnen Anh\u00e4nger der Knappen dort ihre letzte Ruhe finden. Das Fan-Feld ist dabei in Stadionform angelegt \u2013 und blau-wei\u00df bepflanzt. Die Stiftung Schalker Markt hatte sich schon mehrmals daf\u00fcr eingesetzt, dass verstorbene Schalker dort ihre letzte Ruhe finden, 2022 etwa halfen sie dabei, bei der Umbettung von <a href=\"https:\/\/www.waz.de\/region\/rhein-und-ruhr\/article234322527\/Schalke-Legende-Stan-Libuda-hat-sein-Grab-jetzt-bei-den-Fans.html\" data-category-full-path=\"\/region\/rhein-und-ruhr\/\" data-paid-status=\"premium\" data-article-publish-date=\"1642258920\" rel=\"nofollow noopener\" target=\"_blank\">Schalke-Legende Stan Libuda<\/a>, der seitdem dort bestattet ist.<\/p>\n<p>  <script async src=\"\/\/www.instagram.com\/embed.js\"><\/script><script async src=\"\/\/www.tiktok.com\/embed.js\"><\/script><\/p>\n","protected":false},"excerpt":{"rendered":"Gelsenkirchen. Ulli Potofski ist vor einer Woche verstorben, sein Tod bewegte viele. Nun wird bekannt: Der Kultreporter soll&hellip;\n","protected":false},"author":2,"featured_media":331801,"comment_status":"","ping_status":"","sticky":false,"template":"","format":"standard","meta":{"footnotes":""},"categories":[1848],"tags":[3364,29,548,663,3934,3658,30,13,14,15,1209,12],"class_list":{"0":"post-331800","1":"post","2":"type-post","3":"status-publish","4":"format-standard","5":"has-post-thumbnail","7":"category-gelsenkirchen","8":"tag-de","9":"tag-deutschland","10":"tag-eu","11":"tag-europa","12":"tag-europe","13":"tag-gelsenkirchen","14":"tag-germany","15":"tag-headlines","16":"tag-nachrichten","17":"tag-news","18":"tag-nordrhein-westfalen","19":"tag-schlagzeilen"},"share_on_mastodon":{"url":"https:\/\/pubeurope.com\/@de\/114999943908510779","error":""},"_links":{"self":[{"href":"https:\/\/www.europesays.com\/de\/wp-json\/wp\/v2\/posts\/331800","targetHints":{"allow":["GET"]}}],"collection":[{"href":"https:\/\/www.europesays.com\/de\/wp-json\/wp\/v2\/posts"}],"about":[{"href":"https:\/\/www.europesays.com\/de\/wp-json\/wp\/v2\/types\/post"}],"author":[{"embeddable":true,"href":"https:\/\/www.europesays.com\/de\/wp-json\/wp\/v2\/users\/2"}],"replies":[{"embeddable":true,"href":"https:\/\/www.europesays.com\/de\/wp-json\/wp\/v2\/comments?post=331800"}],"version-history":[{"count":0,"href":"https:\/\/www.europesays.com\/de\/wp-json\/wp\/v2\/posts\/331800\/revisions"}],"wp:featuredmedia":[{"embeddable":true,"href":"https:\/\/www.europesays.com\/de\/wp-json\/wp\/v2\/media\/331801"}],"wp:attachment":[{"href":"https:\/\/www.europesays.com\/de\/wp-json\/wp\/v2\/media?parent=331800"}],"wp:term":[{"taxonomy":"category","embeddable":true,"href":"https:\/\/www.europesays.com\/de\/wp-json\/wp\/v2\/categories?post=331800"},{"taxonomy":"post_tag","embeddable":true,"href":"https:\/\/www.europesays.com\/de\/wp-json\/wp\/v2\/tags?post=331800"}],"curies":[{"name":"wp","href":"https:\/\/api.w.org\/{rel}","templated":true}]}}