{"id":331943,"date":"2025-08-09T18:33:09","date_gmt":"2025-08-09T18:33:09","guid":{"rendered":"https:\/\/www.europesays.com\/de\/331943\/"},"modified":"2025-08-09T18:33:09","modified_gmt":"2025-08-09T18:33:09","slug":"so-geht-es-weiter-fuer-das-sanitaetshaus-assmann","status":"publish","type":"post","link":"https:\/\/www.europesays.com\/de\/331943\/","title":{"rendered":"So geht es weiter f\u00fcr das Sanit\u00e4tshaus Assmann"},"content":{"rendered":"<p class=\"Textstyled__Text-sc-1cqv9mi-0 cLyiiX ArticleHeadstyled__ArticleSubHeadline-sc-tdzyy5-11 dyhfiJ\">Die Lagerhalle niedergebrannt. Die Werkstatt zerst\u00f6rt. Rollst\u00fchle, E-Mobile, Rollatoren, Pflegebetten: nur noch schwarze Metallskelette. Der Schock nach dem Gro\u00dfbrand in der Edisonstra\u00dfe sitzt tief bei Assmann-Gesch\u00e4ftsf\u00fchrerin Christina Thomsen und ihrem Team. Dessen Botschaft: Es geht weiter. Keine Kundin, kein Kunde werde alleingelassen.  <\/p>\n","protected":false},"excerpt":{"rendered":"Die Lagerhalle niedergebrannt. Die Werkstatt zerst\u00f6rt. Rollst\u00fchle, E-Mobile, Rollatoren, Pflegebetten: nur noch schwarze Metallskelette. Der Schock nach dem&hellip;\n","protected":false},"author":2,"featured_media":331944,"comment_status":"","ping_status":"","sticky":false,"template":"","format":"standard","meta":{"footnotes":""},"categories":[1852],"tags":[3364,29,548,663,3934,30,13,4949,14,15,12,1971],"class_list":{"0":"post-331943","1":"post","2":"type-post","3":"status-publish","4":"format-standard","5":"has-post-thumbnail","7":"category-kiel","8":"tag-de","9":"tag-deutschland","10":"tag-eu","11":"tag-europa","12":"tag-europe","13":"tag-germany","14":"tag-headlines","15":"tag-kiel","16":"tag-nachrichten","17":"tag-news","18":"tag-schlagzeilen","19":"tag-schleswig-holstein"},"share_on_mastodon":{"url":"https:\/\/pubeurope.com\/@de\/115000246537284646","error":""},"_links":{"self":[{"href":"https:\/\/www.europesays.com\/de\/wp-json\/wp\/v2\/posts\/331943","targetHints":{"allow":["GET"]}}],"collection":[{"href":"https:\/\/www.europesays.com\/de\/wp-json\/wp\/v2\/posts"}],"about":[{"href":"https:\/\/www.europesays.com\/de\/wp-json\/wp\/v2\/types\/post"}],"author":[{"embeddable":true,"href":"https:\/\/www.europesays.com\/de\/wp-json\/wp\/v2\/users\/2"}],"replies":[{"embeddable":true,"href":"https:\/\/www.europesays.com\/de\/wp-json\/wp\/v2\/comments?post=331943"}],"version-history":[{"count":0,"href":"https:\/\/www.europesays.com\/de\/wp-json\/wp\/v2\/posts\/331943\/revisions"}],"wp:featuredmedia":[{"embeddable":true,"href":"https:\/\/www.europesays.com\/de\/wp-json\/wp\/v2\/media\/331944"}],"wp:attachment":[{"href":"https:\/\/www.europesays.com\/de\/wp-json\/wp\/v2\/media?parent=331943"}],"wp:term":[{"taxonomy":"category","embeddable":true,"href":"https:\/\/www.europesays.com\/de\/wp-json\/wp\/v2\/categories?post=331943"},{"taxonomy":"post_tag","embeddable":true,"href":"https:\/\/www.europesays.com\/de\/wp-json\/wp\/v2\/tags?post=331943"}],"curies":[{"name":"wp","href":"https:\/\/api.w.org\/{rel}","templated":true}]}}