{"id":332051,"date":"2025-08-09T19:33:15","date_gmt":"2025-08-09T19:33:15","guid":{"rendered":"https:\/\/www.europesays.com\/de\/332051\/"},"modified":"2025-08-09T19:33:15","modified_gmt":"2025-08-09T19:33:15","slug":"linke-neukoelln-haelt-umstrittene-palaestina-veranstaltung-unter-gegenprotest-ab","status":"publish","type":"post","link":"https:\/\/www.europesays.com\/de\/332051\/","title":{"rendered":"Linke Neuk\u00f6lln h\u00e4lt umstrittene Pal\u00e4stina-Veranstaltung unter Gegenprotest ab"},"content":{"rendered":"<p>Hamas-nahe Teilnehmer?<br \/>\n &#8211; Linke Neuk\u00f6lln h\u00e4lt umstrittene Pal\u00e4stina-Veranstaltung unter Gegenprotest ab<\/p>\n<p><img decoding=\"async\" src=\"https:\/\/www.europesays.com\/de\/wp-content\/uploads\/2025\/08\/1754767995_139_size=708x398.jpg\" alt=\"Demonstranten halten israelische Flaggen und protestieren gegen eine umstrittene propal\u00e4stinensische Solidarit\u00e4tsveranstaltung der Neuk\u00f6llner Linke (Quelle: dpa\/Paul Zinken).\" title=\"Demonstranten halten israelische Flaggen und protestieren gegen eine umstrittene propal\u00e4stinensische Solidarit\u00e4tsveranstaltung der Neuk\u00f6llner Linke (Quelle: dpa\/Paul Zinken).\" id=\"998845872\"\/><\/p>\n<p>dpa\/Paul Zinken<\/p>\n<p>Audio: rbb24 Inforadio | 09.08.2025 | Jonas Ziegler | Bild: dpa\/Paul Zinken <\/p>\n<p>\t\t\t\t\t<a name=\"articlesContList\/text_0\"\/><\/p>\n<p>Mehrere Dutzend Demonstranten haben am Samstag gegen <a href=\"https:\/\/www.rbb24.de\/politik\/beitrag\/2025\/08\/berlin-neukoelln-linke-palaestina-hamas-fest.html\" rel=\"nofollow noopener\" target=\"_blank\">die umstrittene propal\u00e4stinensische Solidarit\u00e4tsveranstaltung<\/a> der Neuk\u00f6llner Linke protestiert. Das &#8222;Soli-Kiez-Event&#8220; stand wegen der Teilnahme einer Gruppe in der Kritik, die laut dem Berliner Verfassungsschutz einen Bezug zur islamistischen Terrororganisation Hamas hat. &#8222;Gemeinsam gegen linken, rechten und islamistischen Antisemitismus&#8220; war auf einem breiten Transparent der Gegendemonstranten zu lesen.<\/p>\n<p>Zu den Protesten am Veranstaltungsort am Paul-Linke-Ufer in Kreuzberg hatte unter anderem der Verein &#8222;Werteinitiative&#8220; aufgerufen, der sich nach eigenen Angaben f\u00fcr j\u00fcdische Belange in der Mehrheitsgesellschaft in Deutschland einsetzt, sowie die Jungen Liberalen (Julis) Berlin, die Jugendorganisation der FDP.<\/p>\n<p>\t\t\t\t\t<a name=\"articlesContList\/teaserbox\"\/><\/p>\n<p>\t\t\t\t\t<a name=\"articlesContList\/text_1539650102\"\/><br \/>\n\t\t\t\t\tGegendemonstranten kritisieren Tabubruch<\/p>\n<p>&#8222;Der absolute Tabubruch aus unserer Sicht ist, mehr oder weniger offene Hamas-Unterst\u00fctzer einzuladen&#8220;, sagte der Juli-Vorsitzende Moritz Wimmer. &#8222;Ich glaube, das ist eine Gefahr f\u00fcr j\u00fcdisches Leben in Deutschland, aber auch f\u00fcr unsere freie Gesellschaft und alle, die hier frei leben wollen.&#8220; Wimmer sch\u00e4tzte die Zahl der Teilnehmer der Gegendemonstration auf rund 40. Eine Reihe von ihnen hatten Israel-Fahnen dabei.<\/p>\n<p>Nach Angaben der Neuk\u00f6llner Linke nahmen am Nachmittag bis zu 150 Menschen an der Veranstaltung teil, die urspr\u00fcnglich in Neuk\u00f6lln geplant war, aber verlegt werden musste, nachdem die vorgesehenen R\u00e4ume gek\u00fcndigt worden waren.<\/p>\n<p>An der Veranstaltung unter dem Motto &#8222;Neuk\u00f6lln steht zusammen &#8211; Solidarit\u00e4t mit den Menschen in Pal\u00e4stina&#8220; hatte es bereits in den Tagen davor laute Kritik gegeben.<\/p>\n<p>\t\t\t\t\t<a name=\"articlesContList\/text_2085772303\"\/><br \/>\n\t\t\t\t\tVertreter vom &#8222;Vereinigten Pal\u00e4stinensischen Nationalkomitee&#8220; h\u00e4lt Rede<\/p>\n<p>Wie angek\u00fcndigt hielt ein Vertreter des &#8222;Vereinigten Pal\u00e4stinensischen Nationalkomitees&#8220; bei der Veranstaltung der Linken eine Rede &#8211; zun\u00e4chst auf Arabisch, anschlie\u00dfend gab es eine \u00dcbersetzung. &#8222;Diese Versammlung ist mehr als ein Event. Sie ist ein Ausdruck von Gewissen, von Menschlichkeit, von Widerstand gegen Unrecht&#8220;, sagte er.<\/p>\n<p>Er forderte einen vollst\u00e4ndigen Stopp aller Waffenlieferungen an Israel, einen sofortigen Waffenstillstand, freien Zugang f\u00fcr internationale Hilfsorganisationen und ein Ende der Blockade des Gazastreifens. &#8222;Menschenrechte sind unteilbar&#8220;, betonte der Redner. &#8222;Neuk\u00f6lln steht zusammen f\u00fcr Pal\u00e4stina.&#8220;<\/p>\n<p>Den Angriff der terroristischen Hamas auf Israel am 7. Oktober 2023, die Ermordung Hunderter j\u00fcdischer Menschen und das Schicksal der israelischen Geiseln erw\u00e4hnte er nicht. Er beendete seinen Beitrag mit &#8222;hoch die internationale Solidarit\u00e4t&#8220; &#8211; sofort stimmten viele aus dem Publikum ein.<\/p>\n<p>\t\t\t\t\t<a name=\"articlesContList\/teaserbox_1208152306\"\/><\/p>\n<p>\t\t\t\t\t<a name=\"articlesContList\/text_271178809\"\/><br \/>\n\t\t\t\t\tVerfassungsschutz sieht das Nationalkomitee kritisch<\/p>\n<p>Im Vorfeld der Veranstaltung war auf einer \u00dcbersicht zum Programm bei Telegram auch das &#8222;Vereinigte Pal\u00e4stinensische Nationalkomitee&#8220; aufgelistet. Unter dieser Bezeichnung arbeiten laut Verfassungsschutz-Bericht 2024 die Anh\u00e4nger der islamistisch-terroristischen Hamas und der s\u00e4kular-linksnationalistischen Terrororganisation PFLP in Berlin eng zusammen. Sie seien als Verfassungsfeinde mit antiisraelischen Einstellungen einzuordnen.<\/p>\n<p>Nach Angaben der Berliner Innenverwaltung mobilisiert das &#8222;Vereinigte Pal\u00e4stinensische Nationalkomitee&#8220; seit dem Terrorangriff der islamistischen Hamas auf Israel am 7. Oktober 2023 zu \u00f6ffentlichen Versammlungen im Zusammenhang mit dem Nahostkonflikt. Dabei werde immer wieder antisemitische oder anti-israelische Propaganda ge\u00e4u\u00dfert und das Existenzrecht Israels verneint. Die Neuk\u00f6llner Linke hatte die Kritik zur\u00fcckgewiesen.<\/p>\n<p>Sendung: rbb24 Inforadio, 09.08.2025, 10.30 Uhr<\/p>\n<p>\t\t\t\t\t<a name=\"articlesContList\/text\"\/><\/p>\n<p><a class=\"ico ico_arrow_wide_up\" title=\"An den Anfang\" href=\"#top\">  <\/a><\/p>\n","protected":false},"excerpt":{"rendered":"Hamas-nahe Teilnehmer? &#8211; Linke Neuk\u00f6lln h\u00e4lt umstrittene Pal\u00e4stina-Veranstaltung unter Gegenprotest ab dpa\/Paul Zinken Audio: rbb24 Inforadio | 09.08.2025&hellip;\n","protected":false},"author":2,"featured_media":332052,"comment_status":"","ping_status":"","sticky":false,"template":"","format":"standard","meta":{"footnotes":""},"categories":[1825],"tags":[1941,1939,296,1937,29,30,1940,1938],"class_list":{"0":"post-332051","1":"post","2":"type-post","3":"status-publish","4":"format-standard","5":"has-post-thumbnail","7":"category-berlin","8":"tag-aktuelle-nachrichten-aus-berlin","9":"tag-aktuelle-news-aus-berlin","10":"tag-berlin","11":"tag-berlin-news","12":"tag-deutschland","13":"tag-germany","14":"tag-nachrichten-aus-berlin","15":"tag-news-aus-berlin"},"share_on_mastodon":{"url":"https:\/\/pubeurope.com\/@de\/115000482557027419","error":""},"_links":{"self":[{"href":"https:\/\/www.europesays.com\/de\/wp-json\/wp\/v2\/posts\/332051","targetHints":{"allow":["GET"]}}],"collection":[{"href":"https:\/\/www.europesays.com\/de\/wp-json\/wp\/v2\/posts"}],"about":[{"href":"https:\/\/www.europesays.com\/de\/wp-json\/wp\/v2\/types\/post"}],"author":[{"embeddable":true,"href":"https:\/\/www.europesays.com\/de\/wp-json\/wp\/v2\/users\/2"}],"replies":[{"embeddable":true,"href":"https:\/\/www.europesays.com\/de\/wp-json\/wp\/v2\/comments?post=332051"}],"version-history":[{"count":0,"href":"https:\/\/www.europesays.com\/de\/wp-json\/wp\/v2\/posts\/332051\/revisions"}],"wp:featuredmedia":[{"embeddable":true,"href":"https:\/\/www.europesays.com\/de\/wp-json\/wp\/v2\/media\/332052"}],"wp:attachment":[{"href":"https:\/\/www.europesays.com\/de\/wp-json\/wp\/v2\/media?parent=332051"}],"wp:term":[{"taxonomy":"category","embeddable":true,"href":"https:\/\/www.europesays.com\/de\/wp-json\/wp\/v2\/categories?post=332051"},{"taxonomy":"post_tag","embeddable":true,"href":"https:\/\/www.europesays.com\/de\/wp-json\/wp\/v2\/tags?post=332051"}],"curies":[{"name":"wp","href":"https:\/\/api.w.org\/{rel}","templated":true}]}}