{"id":332100,"date":"2025-08-09T19:59:14","date_gmt":"2025-08-09T19:59:14","guid":{"rendered":"https:\/\/www.europesays.com\/de\/332100\/"},"modified":"2025-08-09T19:59:14","modified_gmt":"2025-08-09T19:59:14","slug":"3-liga-sc-verl-kaempft-sich-nach-02-rueckstand-zu-remis-gegen-wiesbaden","status":"publish","type":"post","link":"https:\/\/www.europesays.com\/de\/332100\/","title":{"rendered":"3. Liga: SC Verl k\u00e4mpft sich nach 0:2-R\u00fcckstand zu Remis gegen Wiesbaden"},"content":{"rendered":"<p class=\"metatextline\">Stand: 09.08.2025 18:41 Uhr<\/p>\n<p class=\"textabsatz columns twelve  m-ten  m-offset-one l-eight l-offset-two\">\n        <strong>Der SC Verl hat am 2. Spieltag der 3. Liga erneut Unentschieden gespielt. Dabei lagen die Ostwestfalen fr\u00fch mit 0:2 zur\u00fcck.<\/strong>\n    <\/p>\n<p class=\"textabsatz m-ten m-offset-one l-eight l-offset-two columns twelve\">\nAm Ende trennte sich Verl am Samstagnachmittag im eigenen Stadion 2:2 (1:2) von Wehen Wiesbaden. Bereits am ersten Spieltag hatte es gegen Waldhof Mannheim ein 2:2 gegeben. Lukas Schleimer (1.) und Moritz Flotho (18.) brachten die Hessen in F\u00fchrung, Yari Otto (34.) und Berkan Taz (75.) retteten Verl einen Punkt.<\/p>\n<p>    Schleimer trifft nach zehn Sekunden<\/p>\n<p class=\"textabsatz m-ten m-offset-one l-eight l-offset-two columns twelve\">\nGeleitet wurde die Partie vom japanischen Gast-Schiedsrichter Yusuke Ohashi, der im Rahmen eines Austauschprogramms der Verb\u00e4nde f\u00fcr diese Partie angesetzt wurde. Der Japaner konnte bereits nach wenigen Sekunden erstmals in Richtung Mittelkreis zeigen, um das F\u00fchrungstor von Wiesbaden zu best\u00e4tigen. Nur zehn Sekunden nach dem Ansto\u00df hatte Schleimer sehenswert mit einem Volley aus 20 Metern zur F\u00fchrung der Hessen getroffen (1.). Die G\u00e4ste blieben auch in der Folgezeit das gef\u00e4hrlichere Team und kamen durch Flotho (5.) und Ryan Johansson (7.) zu weiteren Gelegenheiten.<\/p>\n<p class=\"textabsatz m-ten m-offset-one l-eight l-offset-two columns twelve\">\nVerl kam erst langsam im Spiel an und in der 17. Minute erstmals durch Timur Gayret auch zum Abschluss, den Florian Stritzel sicher hielt. Wiesbaden blieb aber vor allem durch starkes Umschaltspiel gef\u00e4hrlich. Das f\u00fchrte in der 18. Minute zum 2:0. Der auff\u00e4llige Niklas May st\u00fcrmte \u00fcber die linke Seite und bediente Flotho im Zentrum, der aus kurzer Distanz einschob. Verl gab sich aber nicht auf und hatte nach einer Ecke eine gute Kopfballchance durch Martin Ens, die Justin Janitzek auf der Linie kl\u00e4rte (23.).<\/p>\n<p>    Taz verschie\u00dft Elfmeter<\/p>\n<p class=\"textabsatz m-ten m-offset-one l-eight l-offset-two columns twelve\">\nDie Hausherren erh\u00f6hten den Druck weiter und verlagerten das Geschehen fast komplett in die Wiesbadener H\u00e4lfe. Ein Freisto\u00df von Berkan Taz ging knapp neben das Tor (25.) und ein Kopfball von Dominik Steczyk klatschte an die Latte (33.). In der 34. Minute belohnten sich die Hausherren dann f\u00fcr ihren Aufwand und kamen durch einen Schlenzer von Otto von der Strafraumgrenze zum Anschlusstreffer. Kurz darauf gab es Handelfmeter f\u00fcr Verl, nachdem ein Kopfball von Alessio Besio den Arm von Ole Wohlers getroffen hatte. Taz h\u00e4mmerte den f\u00e4lligen Strafsto\u00df jedoch an die Querlatte (38.). Verl dr\u00fcckte weiter, kam vor dem Pausenpfiff aber zu keinen weiteren Chancen.<\/p>\n<p class=\"textabsatz m-ten m-offset-one l-eight l-offset-two columns twelve\">\nNach dem Seitenwechsel machten die Hausherren da weiter, wo sie aufgeh\u00f6rt hatten. Eine scharfe Flanke von Oualid Mhamdi wurde beinahe von Janitzek ins eigene Tor gekl\u00e4rt (48.). Wiesbaden stand tief und lauerte auf Umschaltgelegenheiten, die sich aber nur noch selten ergaben. Stattdessen dr\u00e4ngte Verl auf den Ausgleichstreffer. Einen Distanzschuss von Taz entsch\u00e4rfte Stritzel stark (58.).<\/p>\n<p>    Taz trifft aus der Distanz und den Pfosten<\/p>\n<p class=\"textabsatz m-ten m-offset-one l-eight l-offset-two columns twelve\">\nDanach wurde das Spiel ruppiger und h\u00e4ufiger aufgrund von Fouls oder Spielerwechseln unterbrochen, worunter der Spielfluss deutlich litt. Bis ein Traumtor von Taz das Spiel aus dieser Phase und die Heimfans von den Pl\u00e4tzen riss. Mit einem sehenswerten Distanzschuss traf der Verler Top-Torj\u00e4ger zum inzwischen \u00fcberf\u00e4lligen 2:2-Ausgleich (75.). F\u00fcr Taz war es der dritte Treffer im zweiten Saisonspiel.<\/p>\n<p class=\"textabsatz m-ten m-offset-one l-eight l-offset-two columns twelve\">\nMit dem Remis war Verl nat\u00fcrlich nicht zufrieden und darum bem\u00fcht, das Spiel endg\u00fcltig zu drehen. Ein Schuss von Otto stellte aber keine gro\u00dfen Probleme f\u00fcr Stritzel dar (81.). Gef\u00e4hrlicher wurde es einmal mehr beim n\u00e4chsten Distanzschuss von Taz, der den Pfosten und damit zum zweiten Mal Aluminium an diesem Nachmittag traf (88.). In der Nachspielzeit tauchte auch Wiesbaden wieder vor dem Verler Tor auf, der Siegtreffer blieb beiden Teams aber verwehrt.<\/p>\n<p>    Erst Pokal, dann Stuttgart<\/p>\n<p class=\"textabsatz m-ten m-offset-one l-eight l-offset-two columns twelve\">\nF\u00fcr Verl geht es am kommenden Mittwoch (13.08.2025\/18.30 Uhr) im Westfalenpokal mit einem Ausw\u00e4rtsspiel in Lipperreihe weiter, bevor man am 23. August in der <a href=\"https:\/\/www1.wdr.de\/sport\/uebersicht-dritte-liga-100.html\" title=\"3. Liga\" class=\"textlink--extern\" target=\"_blank\" rel=\"noopener\">3. Liga<\/a> bei der Zweitvertretung des VfB Stuttgart zu Gast ist (14 Uhr). Der SV Wehen Wiesbaden trifft einen Tag zuvor auf Rot-Weiss Essen.<\/p>\n<p>    Unsere Quellen:<\/p>\n<ul class=\"bulletpoint-list \">\n<li>Live-\u00dcbertragung der Partie bei &#8222;MagentaSport&#8220;<\/li>\n<li>Live-Ticker auf sportschau.de<\/li>\n<\/ul>\n<p>                                        <a class=\"backlink__link\" href=\"https:\/\/www1.wdr.de\/sport\/fussball\/dritte-liga\/verl-wiesbaden-spielbericht-dritte-liga-100.html\" target=\"_blank\" rel=\"noopener\"><\/p>\n<p>                                                <img decoding=\"async\" src=\"https:\/\/images.sportschau.de\/image\/9ef70e2e-6dd6-4b18-afd2-7063c40e8939\/AAABlap_yqU\/AAABmFUWGAQ\/original\/lra-wdr-logo-100.svg\" alt=\"Westdeutscher Rundfunk\"\/><\/p>\n<p>                                        <\/a><\/p>\n","protected":false},"excerpt":{"rendered":"Stand: 09.08.2025 18:41 Uhr Der SC Verl hat am 2. Spieltag der 3. Liga erneut Unentschieden gespielt. Dabei&hellip;\n","protected":false},"author":2,"featured_media":332101,"comment_status":"","ping_status":"","sticky":false,"template":"","format":"standard","meta":{"footnotes":""},"categories":[1847],"tags":[78105,995,3364,29,548,663,3934,347,30,13,2052,14,15,9622,12,265,22506,225,4544],"class_list":{"0":"post-332100","1":"post","2":"type-post","3":"status-publish","4":"format-standard","5":"has-post-thumbnail","7":"category-wiesbaden","8":"tag-2-spieltag","9":"tag-3-liga","10":"tag-de","11":"tag-deutschland","12":"tag-eu","13":"tag-europa","14":"tag-europe","15":"tag-fussball","16":"tag-germany","17":"tag-headlines","18":"tag-hessen","19":"tag-nachrichten","20":"tag-news","21":"tag-sc-verl","22":"tag-schlagzeilen","23":"tag-sport","24":"tag-sv-wehen-wiesbaden","25":"tag-wdr","26":"tag-wiesbaden"},"share_on_mastodon":{"url":"https:\/\/pubeurope.com\/@de\/115000584919814515","error":""},"_links":{"self":[{"href":"https:\/\/www.europesays.com\/de\/wp-json\/wp\/v2\/posts\/332100","targetHints":{"allow":["GET"]}}],"collection":[{"href":"https:\/\/www.europesays.com\/de\/wp-json\/wp\/v2\/posts"}],"about":[{"href":"https:\/\/www.europesays.com\/de\/wp-json\/wp\/v2\/types\/post"}],"author":[{"embeddable":true,"href":"https:\/\/www.europesays.com\/de\/wp-json\/wp\/v2\/users\/2"}],"replies":[{"embeddable":true,"href":"https:\/\/www.europesays.com\/de\/wp-json\/wp\/v2\/comments?post=332100"}],"version-history":[{"count":0,"href":"https:\/\/www.europesays.com\/de\/wp-json\/wp\/v2\/posts\/332100\/revisions"}],"wp:featuredmedia":[{"embeddable":true,"href":"https:\/\/www.europesays.com\/de\/wp-json\/wp\/v2\/media\/332101"}],"wp:attachment":[{"href":"https:\/\/www.europesays.com\/de\/wp-json\/wp\/v2\/media?parent=332100"}],"wp:term":[{"taxonomy":"category","embeddable":true,"href":"https:\/\/www.europesays.com\/de\/wp-json\/wp\/v2\/categories?post=332100"},{"taxonomy":"post_tag","embeddable":true,"href":"https:\/\/www.europesays.com\/de\/wp-json\/wp\/v2\/tags?post=332100"}],"curies":[{"name":"wp","href":"https:\/\/api.w.org\/{rel}","templated":true}]}}