{"id":332119,"date":"2025-08-09T20:10:10","date_gmt":"2025-08-09T20:10:10","guid":{"rendered":"https:\/\/www.europesays.com\/de\/332119\/"},"modified":"2025-08-09T20:10:10","modified_gmt":"2025-08-09T20:10:10","slug":"mann-mit-machete-unterwegs-gefaehrliche-koerperverletzung-im-wupperpark-ost","status":"publish","type":"post","link":"https:\/\/www.europesays.com\/de\/332119\/","title":{"rendered":"Mann mit Machete unterwegs? Gef\u00e4hrliche K\u00f6rperverletzung im Wupperpark Ost"},"content":{"rendered":"<p class=\"richtext text-em-55 !leading-serif mx-6 desktop:mx-0\">Nach ersten Informationen soll es zu einer gef\u00e4hrlichen K\u00f6rperverletzung unter Verwendung einer Machete oder einem \u00e4hnlichen Gegenstand gekommen sein. Der Tatort wurde weitr\u00e4umig abgesperrt. Auch im Bereich des Parkhauses Hofaue City wurden Absperrungen vorgenommen.<\/p>\n<p class=\"richtext text-em-55 !leading-serif mx-6 desktop:mx-0\">Die Polizei ist mit einem Gro\u00dfaufgebot im Einsatz, auch Kr\u00e4fte der Einsatzhundertschaft sind vor Ort. Es gibt eine verletzte Person. Der T\u00e4ter soll nach bisherigen Angaben ebenfalls noch fl\u00fcchtig sein.<\/p>\n","protected":false},"excerpt":{"rendered":"Nach ersten Informationen soll es zu einer gef\u00e4hrlichen K\u00f6rperverletzung unter Verwendung einer Machete oder einem \u00e4hnlichen Gegenstand gekommen&hellip;\n","protected":false},"author":2,"featured_media":332120,"comment_status":"","ping_status":"","sticky":false,"template":"","format":"standard","meta":{"footnotes":""},"categories":[1840],"tags":[2028,18412,3364,29,30,682,1209,4527,92565,4418],"class_list":{"0":"post-332119","1":"post","2":"type-post","3":"status-publish","4":"format-standard","5":"has-post-thumbnail","7":"category-wuppertal","8":"tag-auseinandersetzung","9":"tag-bereich","10":"tag-de","11":"tag-deutschland","12":"tag-germany","13":"tag-koerperverletzung","14":"tag-nordrhein-westfalen","15":"tag-ost","16":"tag-wupperpark","17":"tag-wuppertal"},"share_on_mastodon":{"url":"https:\/\/pubeurope.com\/@de\/115000627932175263","error":""},"_links":{"self":[{"href":"https:\/\/www.europesays.com\/de\/wp-json\/wp\/v2\/posts\/332119","targetHints":{"allow":["GET"]}}],"collection":[{"href":"https:\/\/www.europesays.com\/de\/wp-json\/wp\/v2\/posts"}],"about":[{"href":"https:\/\/www.europesays.com\/de\/wp-json\/wp\/v2\/types\/post"}],"author":[{"embeddable":true,"href":"https:\/\/www.europesays.com\/de\/wp-json\/wp\/v2\/users\/2"}],"replies":[{"embeddable":true,"href":"https:\/\/www.europesays.com\/de\/wp-json\/wp\/v2\/comments?post=332119"}],"version-history":[{"count":0,"href":"https:\/\/www.europesays.com\/de\/wp-json\/wp\/v2\/posts\/332119\/revisions"}],"wp:featuredmedia":[{"embeddable":true,"href":"https:\/\/www.europesays.com\/de\/wp-json\/wp\/v2\/media\/332120"}],"wp:attachment":[{"href":"https:\/\/www.europesays.com\/de\/wp-json\/wp\/v2\/media?parent=332119"}],"wp:term":[{"taxonomy":"category","embeddable":true,"href":"https:\/\/www.europesays.com\/de\/wp-json\/wp\/v2\/categories?post=332119"},{"taxonomy":"post_tag","embeddable":true,"href":"https:\/\/www.europesays.com\/de\/wp-json\/wp\/v2\/tags?post=332119"}],"curies":[{"name":"wp","href":"https:\/\/api.w.org\/{rel}","templated":true}]}}