{"id":332493,"date":"2025-08-09T23:45:11","date_gmt":"2025-08-09T23:45:11","guid":{"rendered":"https:\/\/www.europesays.com\/de\/332493\/"},"modified":"2025-08-09T23:45:11","modified_gmt":"2025-08-09T23:45:11","slug":"gwyneth-paltrow-in-italien-heilte-sie-ihr-herz","status":"publish","type":"post","link":"https:\/\/www.europesays.com\/de\/332493\/","title":{"rendered":"Gwyneth Paltrow: In Italien heilte sie ihr Herz"},"content":{"rendered":"<p>\nvon Sandra Reitz\n<\/p>\n<p>09.08.2025, 21:00 Uhr<\/p>\n<p>\nBella Italia! Das bedeutet f\u00fcr Gwyneth Paltrow mehr als Sonne, Vino und Pasta. Warum sie lange nicht hinfahren konnte \u2013 und es heute ihre zweite Heimat ist.\n<\/p>\n<p class=\"text-element u-richtext u-typo u-typo--article-text article__text-element text-element--context-article\"> Das Erste, was <a class=\"link--person\" data-target-type=\"article\" href=\"https:\/\/www.gala.de\/stars\/starportraets\/gwyneth-paltrow-20516490.html\" rel=\"nofollow noopener\" target=\"_blank\">Gwyneth Paltrow<\/a>, 52, macht, wenn sie in Italien angekommen ist: tief einatmen! Den Duft der Zitronen, des Lavendels, der Oliven, Feigen und Tomaten. &#8222;Ich kann es jedes Jahr kaum erwarten, unseren Sommer hier zu verbringen&#8220;, erkl\u00e4rt die Unternehmerin und Schauspielerin. Seit sie mit <a class=\"\" data-target-type=\"article\" href=\"https:\/\/www.gala.de\/stars\/themen\/brad-falchuk-20957996.html\" target=\"_self\" rel=\"nofollow noopener\">Brad Falchuk<\/a>, 54, zusammen ist, wurde Bella Italia zu ihrer zweiten Heimat. Doch dass das heute so sein kann, ist keineswegs selbstverst\u00e4ndlich, wie die zweifache Mutter k\u00fcrzlich in ihrem &#8222;Goop&#8220;-Podcast auf bewegende Weise erz\u00e4hlte. Denn lange symbolisierte Italien f\u00fcr sie unermesslichen Schmerz und gro\u00dfen Verlust \u2026<\/p>\n<p>Gwyneth Paltrows Erinnerungen an Italien<\/p>\n<p class=\"text-element u-richtext u-typo u-typo--article-text article__text-element text-element--context-article\"> Noch bei ihrer ersten Begegnung sei sie sofort von der sch\u00f6nen Landschaft, den pittoresken Orten und herzlichen Menschen fasziniert gewesen \u2013 n\u00e4mlich als sie 1999 den Kultfilm &#8222;Der talentierte Mr. Ripley&#8220; drehte. In Rom, Venedig, auf Ischia, Capri und an der Amalfi-K\u00fcste. So sehr, dass sie 2002 mit ihrem Vater <a class=\"\" data-target-type=\"article\" href=\"https:\/\/www.gala.de\/stars\/news\/themen\/bruce-paltrow-21102030.html\" target=\"_self\" rel=\"nofollow noopener\">Bruce Paltrow<\/a>, damals 58, zum gemeinsamen Urlaub dorthin zur\u00fcckkehrte. Die beiden unternahmen eine Rundreise mit dem Auto, um ihren 30. Geburtstag nachzufeiern.<\/p>\n<p class=\"text-element u-richtext u-typo u-typo--article-text article__text-element text-element--context-article\"> Allerdings litt Gwyneths Vater damals bereits an Rachenkrebs \u2013 und ausgerechnet w\u00e4hrend der Reise verschlechterte sich sein Gesundheitszustand so dramatisch, dass er schlie\u00dflich in Rom verstarb. &#8222;Dieses schreckliche Ereignis war f\u00fcr mich von da an untrennbar mit Italien verbunden&#8220;, erkl\u00e4rt Gwyneth. Zehn Jahre konnte sie nicht mehr hinreisen, weil es ihr zu sehr weh getan h\u00e4tte. &#8222;Es f\u00fchlte sich an, als ob mein Herz herausgerissen worden w\u00e4re.&#8220;<\/p>\n<p class=\"text-element u-richtext u-typo u-typo--article-text article__text-element text-element--context-article\"> Zu ihrem 40. Geburtstag \u00fcberraschte ihr damaliger Ehemann Chris Martin, 48, sie 2012 mit einem Trip ins Luxushotel &#8222;Splendido&#8220; in Portofino, in das sie es mit ihrem Vater nicht mehr geschafft hatte. &#8222;Das war ein gro\u00dfer Schritt in die richtige Richtung, meine Freunde und meine Mutter waren dabei und wir alle gedachten Bruce&#8220;, so Gwyneth.<\/p>\n<p>Die Vers\u00f6hnung<\/p>\n<p class=\"text-element u-richtext u-typo u-typo--article-text article__text-element text-element--context-article\"> Doch erst, als sie 2014 mit dem Drehbuchautor und Filmproduzent Brad Falchuk zusammenkam, schloss sich der Kreis wirklich. &#8222;Er ist wie mein Papa, sie haben den gleichen Humor, denselben Beruf, er hat wie er blaue Augen und ein Herz aus Gold. Ich habe mich f\u00fcr meinen Vater entschieden!&#8220; sagte sie, als sie 2018 heirateten. Und mit dem Ehegl\u00fcck kam dann auch die Italien-Zuneigung zur\u00fcck. Mit Brad, der sie so an ihren Vater erinnert, konnte sie ihr Herz endlich wieder heilen lassen. &#8222;Dank Brad kann ich Italien wieder lieben&#8220;, erz\u00e4hlt Gwyneth Paltrow.<\/p>\n<p class=\"text-element u-richtext u-typo u-typo--article-text article__text-element text-element--context-article\"> Gleich ihr erster Romantikurlaub ging nach Bella Italia. &#8222;Hier geht es nur ums Genie\u00dfen&#8220;, schw\u00e4rmt Gwyneth, &#8222;in jeder Form!&#8220; Loslassen, lachen, gl\u00fccklich sein. Inzwischen soll das Paar mit einem kleinen H\u00e4uschen auf Sizilien lieb\u00e4ugeln, doch auch andere sch\u00f6ne Gegenden wie Cinque Terre, Apulien, Umbrien oder die Toskana haben die beiden schon erkundet.<\/p>\n<p class=\"text-element u-richtext u-typo u-typo--article-text article__text-element text-element--context-article\"> Ihre Kids kommen ebenfalls gerne mit und lassen sich verw\u00f6hnen, wenn La Mamma mit Inbrunst in der offenen K\u00fcche leckere Gerichte zaubert. Nur sonntags m\u00fcssen sie sich selbst etwas zubereiten, da gibt es traditionell Gwyneths sogenanntes &#8222;Boyfriend Breakfast&#8220; f\u00fcr ihren Brad. K\u00fcrzlich waren es wei\u00dfe Bohnen, Spinat und Tomaten aus dem Garten, dazu W\u00fcrstchen und Eier vom lokalen Markt. &#8222;Delizioso&#8220; findet Brad das. Und Gwyneth wei\u00df: Bruce h\u00e4tte es auch geschmeckt.<\/p>\n<p>\nGala\n<\/p>\n<p>#Themen<\/p>\n","protected":false},"excerpt":{"rendered":"von Sandra Reitz 09.08.2025, 21:00 Uhr Bella Italia! Das bedeutet f\u00fcr Gwyneth Paltrow mehr als Sonne, Vino und&hellip;\n","protected":false},"author":2,"featured_media":332494,"comment_status":"","ping_status":"","sticky":false,"template":"","format":"standard","meta":{"footnotes":""},"categories":[1776],"tags":[1801,29,214,30,1802,215],"class_list":{"0":"post-332493","1":"post","2":"type-post","3":"status-publish","4":"format-standard","5":"has-post-thumbnail","7":"category-prominente","8":"tag-celebrities","9":"tag-deutschland","10":"tag-entertainment","11":"tag-germany","12":"tag-prominente","13":"tag-unterhaltung"},"share_on_mastodon":{"url":"https:\/\/pubeurope.com\/@de\/115001473540024754","error":""},"_links":{"self":[{"href":"https:\/\/www.europesays.com\/de\/wp-json\/wp\/v2\/posts\/332493","targetHints":{"allow":["GET"]}}],"collection":[{"href":"https:\/\/www.europesays.com\/de\/wp-json\/wp\/v2\/posts"}],"about":[{"href":"https:\/\/www.europesays.com\/de\/wp-json\/wp\/v2\/types\/post"}],"author":[{"embeddable":true,"href":"https:\/\/www.europesays.com\/de\/wp-json\/wp\/v2\/users\/2"}],"replies":[{"embeddable":true,"href":"https:\/\/www.europesays.com\/de\/wp-json\/wp\/v2\/comments?post=332493"}],"version-history":[{"count":0,"href":"https:\/\/www.europesays.com\/de\/wp-json\/wp\/v2\/posts\/332493\/revisions"}],"wp:featuredmedia":[{"embeddable":true,"href":"https:\/\/www.europesays.com\/de\/wp-json\/wp\/v2\/media\/332494"}],"wp:attachment":[{"href":"https:\/\/www.europesays.com\/de\/wp-json\/wp\/v2\/media?parent=332493"}],"wp:term":[{"taxonomy":"category","embeddable":true,"href":"https:\/\/www.europesays.com\/de\/wp-json\/wp\/v2\/categories?post=332493"},{"taxonomy":"post_tag","embeddable":true,"href":"https:\/\/www.europesays.com\/de\/wp-json\/wp\/v2\/tags?post=332493"}],"curies":[{"name":"wp","href":"https:\/\/api.w.org\/{rel}","templated":true}]}}