{"id":332530,"date":"2025-08-10T00:06:11","date_gmt":"2025-08-10T00:06:11","guid":{"rendered":"https:\/\/www.europesays.com\/de\/332530\/"},"modified":"2025-08-10T00:06:11","modified_gmt":"2025-08-10T00:06:11","slug":"wasserrohrbruch-in-wiesbaden-dotzheim-versorgung-eingeschraenkt-wiesbadenaktuell-de","status":"publish","type":"post","link":"https:\/\/www.europesays.com\/de\/332530\/","title":{"rendered":"Wasserrohrbruch in Wiesbaden-Dotzheim &#8211; Versorgung eingeschr\u00e4nkt Wiesbadenaktuell.de"},"content":{"rendered":"<p data-start=\"221\" data-end=\"463\">Die\u00a0 Anwohnerinnen und Anwohner im nordwestlichen Bereich von der Siedlung Kohlheck\u00a0 in Dotzheim m\u00fcssen sich am Samstagabend, 9. August, auf Einschr\u00e4nkungen bei der Wasserversorgung einstellen. Grund ist ein Rohrbruch an einer Versorgungsleitung der Hessenwasser.<\/p>\n<p><strong data-start=\"469\" data-end=\"504\">Schneller Einsatz der Versorger<\/strong><\/p>\n<p data-start=\"507\" data-end=\"845\">Der Schaden an der Hauptleitung sorgt daf\u00fcr, dass in Teilen von Kohlheck weniger oder zeitweise gar kein Trinkwasser aus den Leitungen kommt. Hessenwasser und ESWE Versorgung sind mit Hochdruck im Einsatz, um den Defekt zu beheben. Parallel versucht ESWE, die Versorgung \u00fcber Umstellungen im Netz so weit wie m\u00f6glich aufrechtzuerhalten.<\/p>\n<p><strong data-start=\"851\" data-end=\"887\">Brauchwasserfass f\u00fcr den Notfall<\/strong><\/p>\n<p data-start=\"890\" data-end=\"1233\">F\u00fcr den Bedarfsfall wurde im Bereich Greifstra\u00dfe ein Brauchwasserfass aufgestellt. Dort k\u00f6nnen Anwohnerinnen und Anwohner Wasser zum Beispiel f\u00fcr die Toilettensp\u00fclung oder zum Putzen abf\u00fcllen. Die Versorger bitten ausdr\u00fccklich darum, keine Badewannen oder gro\u00dfe Beh\u00e4lter mit Trinkwasser zu f\u00fcllen, um Versorgungsleitungen nicht zus\u00e4tzlich zu belasten.<\/p>\n<p>Wiederinbetriebnahme kann Tr\u00fcbungen verursachen<\/p>\n<p data-start=\"1293\" data-end=\"1574\">Sobald die Reparatur abgeschlossen ist, kann es beim Wiederanlaufen der Versorgung zu Tr\u00fcbungen, leichten Verf\u00e4rbungen oder Luftblasen im Wasser kommen. Diese sind laut Versorgern gesundheitlich unbedenklich und verschwinden, wenn man die Wasserh\u00e4hne eine Zeit lang laufen l\u00e4sst.<\/p>\n<p>Voraussichtliches Ende der St\u00f6rung<\/p>\n<p data-start=\"1621\" data-end=\"1758\">Nach aktuellem Stand gehen die Fachkr\u00e4fte davon aus, dass der Rohrbruch im Laufe des sp\u00e4ten Abends vollst\u00e4ndig behoben werden kann, teilte Frank Rolle von ESWE Versorgung mit.<\/p>\n<p>P.S.: Sind Sie bei Facebook? Dann werden Sie Fan von <a href=\"https:\/\/www.facebook.com\/wiesbadenaktuell\" rel=\"nofollow noopener\" target=\"_blank\">Wiesbadenaktuell.de<\/a> und folgen Sie uns auch auf <a href=\"https:\/\/www.instagram.com\/wiesbadenaktuell.de\/\" rel=\"nofollow noopener\" target=\"_blank\">Instagram<\/a> sowie auf <a href=\"https:\/\/www.threads.net\/@wiesbadenaktuell.de\" rel=\"nofollow noopener\" target=\"_blank\">Threads<\/a>!<\/p>\n<p><script async src=\"\/\/www.instagram.com\/embed.js\"><\/script><\/p>\n","protected":false},"excerpt":{"rendered":"Die\u00a0 Anwohnerinnen und Anwohner im nordwestlichen Bereich von der Siedlung Kohlheck\u00a0 in Dotzheim m\u00fcssen sich am Samstagabend, 9.&hellip;\n","protected":false},"author":2,"featured_media":332531,"comment_status":"","ping_status":"","sticky":false,"template":"","format":"standard","meta":{"footnotes":""},"categories":[1847],"tags":[3364,29,548,663,3934,30,13,2052,14,15,12,4544],"class_list":{"0":"post-332530","1":"post","2":"type-post","3":"status-publish","4":"format-standard","5":"has-post-thumbnail","7":"category-wiesbaden","8":"tag-de","9":"tag-deutschland","10":"tag-eu","11":"tag-europa","12":"tag-europe","13":"tag-germany","14":"tag-headlines","15":"tag-hessen","16":"tag-nachrichten","17":"tag-news","18":"tag-schlagzeilen","19":"tag-wiesbaden"},"share_on_mastodon":{"url":"https:\/\/pubeurope.com\/@de\/115001556307845728","error":""},"_links":{"self":[{"href":"https:\/\/www.europesays.com\/de\/wp-json\/wp\/v2\/posts\/332530","targetHints":{"allow":["GET"]}}],"collection":[{"href":"https:\/\/www.europesays.com\/de\/wp-json\/wp\/v2\/posts"}],"about":[{"href":"https:\/\/www.europesays.com\/de\/wp-json\/wp\/v2\/types\/post"}],"author":[{"embeddable":true,"href":"https:\/\/www.europesays.com\/de\/wp-json\/wp\/v2\/users\/2"}],"replies":[{"embeddable":true,"href":"https:\/\/www.europesays.com\/de\/wp-json\/wp\/v2\/comments?post=332530"}],"version-history":[{"count":0,"href":"https:\/\/www.europesays.com\/de\/wp-json\/wp\/v2\/posts\/332530\/revisions"}],"wp:featuredmedia":[{"embeddable":true,"href":"https:\/\/www.europesays.com\/de\/wp-json\/wp\/v2\/media\/332531"}],"wp:attachment":[{"href":"https:\/\/www.europesays.com\/de\/wp-json\/wp\/v2\/media?parent=332530"}],"wp:term":[{"taxonomy":"category","embeddable":true,"href":"https:\/\/www.europesays.com\/de\/wp-json\/wp\/v2\/categories?post=332530"},{"taxonomy":"post_tag","embeddable":true,"href":"https:\/\/www.europesays.com\/de\/wp-json\/wp\/v2\/tags?post=332530"}],"curies":[{"name":"wp","href":"https:\/\/api.w.org\/{rel}","templated":true}]}}