{"id":332534,"date":"2025-08-10T00:08:16","date_gmt":"2025-08-10T00:08:16","guid":{"rendered":"https:\/\/www.europesays.com\/de\/332534\/"},"modified":"2025-08-10T00:08:16","modified_gmt":"2025-08-10T00:08:16","slug":"cannabis-club-grosse-erwartungen-an-die-erste-ernte-mannheim","status":"publish","type":"post","link":"https:\/\/www.europesays.com\/de\/332534\/","title":{"rendered":"Cannabis-Club: Gro\u00dfe Erwartungen an die erste Ernte &#8211; Mannheim"},"content":{"rendered":"<p><b>Es d\u00fcrfte die gr\u00f6\u00dfte legale Hanfplantage Baden-W\u00fcrttembergs sein. Nach langer Wartezeit wachsen  jetzt in Mannheim mehr als 300 Pflanzen heran. Bald ist Erntezeit.<\/b><\/p>\n<p class=\"\">Bitte loggen Sie sich ein um den Artikel im Klartext zu sehen.<\/p>\n<p class=\"\">nmehaneiMr -bbsCnCniaaul ;mu&amp;euloGdbur;&amp;nq led&amp;i;qoLebu sti erd tsere nuAenbeVi-ra mi engnaz ndnlBedusa, dre mit der aahZuch-tnairuM glelseon nakn. In ewzi tMnnaeo slol die rtese ntreE itm bsi zu 20 oKli ;euqded;oqlW&amp;u&amp;obd geinherefan edewn.r<\/p>\n<p class=\"\">Es aht ine giewn saw nov der utr<\/p>\n","protected":false},"excerpt":{"rendered":"Es d\u00fcrfte die gr\u00f6\u00dfte legale Hanfplantage Baden-W\u00fcrttembergs sein. Nach langer Wartezeit wachsen jetzt in Mannheim mehr als 300&hellip;\n","protected":false},"author":2,"featured_media":332535,"comment_status":"","ping_status":"","sticky":false,"template":"","format":"standard","meta":{"footnotes":""},"categories":[1845],"tags":[1634,93988,652,69118,4980,3364,29,21647,548,663,3934,30,93987,13,3824,4060,2096,93986,14,15,12],"class_list":{"0":"post-332534","1":"post","2":"type-post","3":"status-publish","4":"format-standard","5":"has-post-thumbnail","7":"category-mannheim","8":"tag-baden-wuerttemberg","9":"tag-breaking-bad","10":"tag-cannabis","11":"tag-cannabis-club","12":"tag-crystal-meth","13":"tag-de","14":"tag-deutschland","15":"tag-ernte","16":"tag-eu","17":"tag-europa","18":"tag-europe","19":"tag-germany","20":"tag-hanfplantage","21":"tag-headlines","22":"tag-lka","23":"tag-lokal","24":"tag-mannheim","25":"tag-matthias-caroli","26":"tag-nachrichten","27":"tag-news","28":"tag-schlagzeilen"},"share_on_mastodon":{"url":"https:\/\/pubeurope.com\/@de\/115001564117927603","error":""},"_links":{"self":[{"href":"https:\/\/www.europesays.com\/de\/wp-json\/wp\/v2\/posts\/332534","targetHints":{"allow":["GET"]}}],"collection":[{"href":"https:\/\/www.europesays.com\/de\/wp-json\/wp\/v2\/posts"}],"about":[{"href":"https:\/\/www.europesays.com\/de\/wp-json\/wp\/v2\/types\/post"}],"author":[{"embeddable":true,"href":"https:\/\/www.europesays.com\/de\/wp-json\/wp\/v2\/users\/2"}],"replies":[{"embeddable":true,"href":"https:\/\/www.europesays.com\/de\/wp-json\/wp\/v2\/comments?post=332534"}],"version-history":[{"count":0,"href":"https:\/\/www.europesays.com\/de\/wp-json\/wp\/v2\/posts\/332534\/revisions"}],"wp:featuredmedia":[{"embeddable":true,"href":"https:\/\/www.europesays.com\/de\/wp-json\/wp\/v2\/media\/332535"}],"wp:attachment":[{"href":"https:\/\/www.europesays.com\/de\/wp-json\/wp\/v2\/media?parent=332534"}],"wp:term":[{"taxonomy":"category","embeddable":true,"href":"https:\/\/www.europesays.com\/de\/wp-json\/wp\/v2\/categories?post=332534"},{"taxonomy":"post_tag","embeddable":true,"href":"https:\/\/www.europesays.com\/de\/wp-json\/wp\/v2\/tags?post=332534"}],"curies":[{"name":"wp","href":"https:\/\/api.w.org\/{rel}","templated":true}]}}