{"id":332549,"date":"2025-08-10T00:19:43","date_gmt":"2025-08-10T00:19:43","guid":{"rendered":"https:\/\/www.europesays.com\/de\/332549\/"},"modified":"2025-08-10T00:19:43","modified_gmt":"2025-08-10T00:19:43","slug":"feuerwehreinsatz-auf-cranger-kirmes-vogel-sorgt-fuer-sperrungen","status":"publish","type":"post","link":"https:\/\/www.europesays.com\/de\/332549\/","title":{"rendered":"Feuerwehreinsatz auf Cranger Kirmes: Vogel sorgt f\u00fcr Sperrungen"},"content":{"rendered":"<p>\t\tFeuerwehreinsatz auf der Cranger Kirmes<br \/>\n\t\t\t\t\tUngebetener Gast sorgt f\u00fcr vor\u00fcbergehende Sperrungen<\/p>\n<p>    <a href=\"https:\/\/www.recklinghaeuser-zeitung.de\/wp-content\/uploads\/2025\/08\/08\/11\/630_0900_4932266_rzl_feuerwehrcrange2-1648x824.jpg\" rel=\"nofollow noopener\" target=\"_blank\"><\/p>\n<p>            <img decoding=\"async\" fetchpriority=\"high\" src=\"https:\/\/www.europesays.com\/de\/wp-content\/uploads\/2025\/08\/630_0900_4932265_rzl_feuerwehrcrange2-640x428.jpg\" width=\"640\" height=\"428\"  alt=\"Ein Autoscooter auf der Cranger Kirmes in Herne.\"\/><\/p>\n<p>    <\/a><br \/>\n    Die Berufsfeuerwehr Herne r\u00fcckte mit mehreren Einsatzwagen zur Cranger Kirmes aus, nachdem ein Vogel sich in einem Schaltkasten verirrt hatte. \u00a9 7aktuell.de\/Marc Gruber<\/p>\n<p class=\"article__teaser-text\">Einen kuriosen Einsatz hatte die Feuerwehr Herne auf der Cranger Kirmes. Ein tierischer Besucher drohte zwischenzeitlich, den Rummel lahmzulegen.<\/p>\n<p>1 Min Lesezeit<\/p>\n<p>Ein Autoscooter und mehrere Bierg\u00e4rten mussten am Donnerstag (7.8.) auf der Cranger Kirmes f\u00fcr mehrere Stunden schlie\u00dfen. Am Nachmittag gegen 16.20 Uhr r\u00fcckte die Feuerwehr mit mehreren Einsatzwagen auf dem Rummel an, den auch viele G\u00e4ste aus dem <a target=\"_blank\" href=\"https:\/\/www.recklinghaeuser-zeitung.de\/kreis-recklinghausen\/\" data-imported=\"1\" rel=\"nofollow noopener\">Kreis Recklinghausen<\/a> gerne besuchen.<\/p>\n<p>Kurz vorher war ein Vogel in einer Schaltanlage der Stadtwerke Herne auf dem Kirmesplatz entdeckt worden. Aus Angst, dass das Wildtier einen Kurzschluss verursacht, der zu einem Brand f\u00fchrt, wurde die Feuerwehr alarmiert. Polizei und Ordnungskr\u00e4fte des Veranstalters sperrten die Fischhaus-Lichte-Stra\u00dfe zwischen den Fahrgesch\u00e4ften \u201eHappy Sailor\u201c und \u201eRio Rapidos\u201c.<\/p>\n<p>\t\t<a href=\"https:\/\/www.recklinghaeuser-zeitung.de\/kreis-re\/offizielle-eroeffnung-cranger-kirmes-am-1-august-mit-vize-kanzler-klingbeil-und-maite-kelly-w1060278-6001053663\/\" rel=\"nofollow noopener\" aria-hidden=\"true\" tabindex=\"-1\" title=\"Offizielle Er\u00f6ffnung Cranger Kirmes am 1. August Mit Vize-Kanzler Klingbeil und Maite Kelly\" aria-label=\"Offizielle Er\u00f6ffnung Cranger Kirmes am 1. August Mit Vize-Kanzler Klingbeil und Maite Kelly\" target=\"_blank\"><\/p>\n<p>                <img decoding=\"async\" src=\"https:\/\/www.europesays.com\/de\/wp-content\/uploads\/2025\/08\/630_0900_4909576_PM_Cranger_KIrmes_2025_Gondel_Frank_Die-160x160.jpg\"  width=\"160\" height=\"160\" alt=\"Vorstellung der neuen Crange-Gondel vom Break Dance No 2 von Bonner (von links): Albert Ritter (Pr\u00e4sident Deutscher Schaustellerbund), NRW-Kirmesk\u00f6nigin Pauline I. Sch\u00e4fer, Kirmesmaskottchen Fritz, Dr. Frank Dudda (Oberb\u00fcrgermeister Herne), Eduard Belker (Fachbereichsleiter \u00d6ffentliche Ordnung), Thomas Grass (Break Dance No 2), Alexander Neumann (Platzmeister), Timo Lichte (Pr\u00e4sident Schaustellervereinigung Herne), Holger Wennrich (Gesch\u00e4ftsf\u00fchrer Stadtmarketing Herne)\" loading=\"lazy\"\/><\/p>\n<p>\t\t<\/a><\/p>\n<p>Zur Beseitigung der St\u00f6rung kam das sogenannte Koordinierungsgremium der <a target=\"_blank\" href=\"https:\/\/www.recklinghaeuser-zeitung.de\/kreis-re\/herne-cranger-kirmes-absage-boxbude-fight-club-zoff-um-standort-charly-schultz-w1058109-6001048537\/\" data-imported=\"1\" rel=\"nofollow noopener\">Cranger Kirmes<\/a> zusammen. Entsprechend den Vorgaben des Sicherheitskonzepts geh\u00f6ren Vertreter der Feuerwehr, der Polizei, des DRK, des Veranstalters (Fachbereich \u00f6ffentliche Ordnung der Stadt Herne) und der Stadtwerke Herne dazu.<\/p>\n<p>Nach zwei Begehungen wurden die R\u00e4umlichkeiten um 19.45 Uhr f\u00fcr \u201evogelfrei\u201c erkl\u00e4rt. \u201eEs gab keine Verletzten, der Vogel befindet sich wieder in freier Wildbahn. Der \u00fcbrige Kirmesbetrieb lief die ganze Zeit st\u00f6rungsfrei weiter\u201c, meldet der Veranstalter.<\/p>\n<p>\t\t<a href=\"https:\/\/www.recklinghaeuser-zeitung.de\/kreis-re\/herne-cranger-kirmes-absage-boxbude-fight-club-zoff-um-standort-charly-schultz-w1058109-6001048537\/\" rel=\"nofollow noopener\" aria-hidden=\"true\" tabindex=\"-1\" title=\"Zoff auf der Cranger Kirmes? Boxbude \u201eFight Club\u201c wirft das Handtuch\" aria-label=\"Zoff auf der Cranger Kirmes? Boxbude \u201eFight Club\u201c wirft das Handtuch\" target=\"_blank\"><\/p>\n<p>                <img decoding=\"async\" src=\"https:\/\/www.europesays.com\/de\/wp-content\/uploads\/2025\/08\/630_0900_4894792_rzl_boxbudecrange2-160x160.jpg\"  width=\"160\" height=\"160\" alt=\"Ein Boxer mit schwarzem Kopfschutz h\u00e4lt seine wei\u00dfen Boxhandschuhe vor dem Gesicht.\" loading=\"lazy\"\/><\/p>\n<p>\t\t<\/a><\/p>\n<p>Ab 20.30 Uhr konnte die in Teilen gesperrte Stra\u00dfe wieder freigegeben werden, alle Betriebe durften wieder \u00f6ffnen. Von der vor\u00fcbergehenden Sperrung waren neben dem Autoscooter \u201eMillennium Drive\u201c vor allem die drei Bierg\u00e4rten \u201eArens\u201c, \u201eTraber Der Ausschank 2.0\u201c und der \u201eKaraoke-Biergarten\u201c betroffen.<\/p>\n","protected":false},"excerpt":{"rendered":"Feuerwehreinsatz auf der Cranger Kirmes Ungebetener Gast sorgt f\u00fcr vor\u00fcbergehende Sperrungen Die Berufsfeuerwehr Herne r\u00fcckte mit mehreren Einsatzwagen&hellip;\n","protected":false},"author":2,"featured_media":332550,"comment_status":"","ping_status":"","sticky":false,"template":"","format":"standard","meta":{"footnotes":""},"categories":[1839],"tags":[36970,7507,3364,29,30,1209,3826],"class_list":{"0":"post-332549","1":"post","2":"type-post","3":"status-publish","4":"format-standard","5":"has-post-thumbnail","7":"category-bochum","8":"tag-cranger-kirmes","9":"tag-bochum","10":"tag-de","11":"tag-deutschland","12":"tag-germany","13":"tag-nordrhein-westfalen","14":"tag-sicherheit-kriminalitaet"},"share_on_mastodon":{"url":"https:\/\/pubeurope.com\/@de\/115001607277941800","error":""},"_links":{"self":[{"href":"https:\/\/www.europesays.com\/de\/wp-json\/wp\/v2\/posts\/332549","targetHints":{"allow":["GET"]}}],"collection":[{"href":"https:\/\/www.europesays.com\/de\/wp-json\/wp\/v2\/posts"}],"about":[{"href":"https:\/\/www.europesays.com\/de\/wp-json\/wp\/v2\/types\/post"}],"author":[{"embeddable":true,"href":"https:\/\/www.europesays.com\/de\/wp-json\/wp\/v2\/users\/2"}],"replies":[{"embeddable":true,"href":"https:\/\/www.europesays.com\/de\/wp-json\/wp\/v2\/comments?post=332549"}],"version-history":[{"count":0,"href":"https:\/\/www.europesays.com\/de\/wp-json\/wp\/v2\/posts\/332549\/revisions"}],"wp:featuredmedia":[{"embeddable":true,"href":"https:\/\/www.europesays.com\/de\/wp-json\/wp\/v2\/media\/332550"}],"wp:attachment":[{"href":"https:\/\/www.europesays.com\/de\/wp-json\/wp\/v2\/media?parent=332549"}],"wp:term":[{"taxonomy":"category","embeddable":true,"href":"https:\/\/www.europesays.com\/de\/wp-json\/wp\/v2\/categories?post=332549"},{"taxonomy":"post_tag","embeddable":true,"href":"https:\/\/www.europesays.com\/de\/wp-json\/wp\/v2\/tags?post=332549"}],"curies":[{"name":"wp","href":"https:\/\/api.w.org\/{rel}","templated":true}]}}