{"id":332551,"date":"2025-08-10T00:20:45","date_gmt":"2025-08-10T00:20:45","guid":{"rendered":"https:\/\/www.europesays.com\/de\/332551\/"},"modified":"2025-08-10T00:20:45","modified_gmt":"2025-08-10T00:20:45","slug":"zwei-maenner-24-und-27-mit-messer-schwer-verletzt","status":"publish","type":"post","link":"https:\/\/www.europesays.com\/de\/332551\/","title":{"rendered":"Zwei M\u00e4nner (24 und 27) mit Messer schwer verletzt"},"content":{"rendered":"<p>\t\tZwei Bochumer (24 und 27) mit Messer schwer verletzt<br \/>\n\t\t\t\t\tPolizei sucht Zeugen<\/p>\n<p>    <a href=\"https:\/\/www.ruhrnachrichten.de\/wp-content\/uploads\/2025\/08\/08\/09\/630_0900_4932684_Rettungsdienst-1648x824.jpg\" rel=\"nofollow noopener\" target=\"_blank\"><\/p>\n<p>            <img decoding=\"async\" fetchpriority=\"high\" src=\"https:\/\/www.europesays.com\/de\/wp-content\/uploads\/2025\/08\/630_0900_4932683_Rettungsdienst-640x428.jpg\" width=\"640\" height=\"428\"  alt=\"Rettungsdienst im Einsatz (Symbolbild).\"\/><\/p>\n<p>    <\/a><br \/>\n    In Bochum sind zwei M\u00e4nner mit einem Messer schwer verletzt worden. Die Polizei sucht Zeugen der Tat. \u00a9 picture alliance\/dpa<\/p>\n<p class=\"article__teaser-text\">In Bochum sind zwei M\u00e4nner mit einem Messer schwer verletzt worden. Die Polizei sucht Zeugen der Tat.<\/p>\n<p>1 Min Lesezeit<\/p>\n<p>Am fr\u00fchen Freitagmorgen (8.8.) sind zwei M\u00e4nner (24 und 27) in Bochum von einem unbekannten T\u00e4ter mit einem Messer schwer verletzt worden. Die beiden Bochumer h\u00e4tten sich gegen 2.30 Uhr nachts an einer Bushaltestelle der Universit\u00e4tsstra\u00dfe 150 aufgehalten, als sie von einem unbekannten Mann zun\u00e4chst mit Pfefferspray und anschlie\u00dfend mit einem Messer angegriffen wurden. Der T\u00e4ter fl\u00fcchtete in Richtung Ruhr-Universit\u00e4t.<\/p>\n<p>Zeugen h\u00e4tten dann den Rettungsdienst und die Polizei alarmiert. Die M\u00e4nner seien mit schweren Verletzungen in Krankenh\u00e4user gebracht worden. Lebensgefahr sei aktuell nicht auszuschlie\u00dfen.<\/p>\n<p>Messerangriff in Bochum: Zwei M\u00e4nner schwerverletzt<\/p>\n<p>Bei dem T\u00e4ter soll es sich um einen dunkelblonden Mann mit Jeans und heller Oberbekleidung handeln, wie die Polizei mitteilt. Eine Mordkommission hat die Ermittlungen unter Leitung der Staatsanwaltschaft Bochum \u00fcbernommen. <\/p>\n<p>Zeugen werden gebeten, sich unter den Rufnummern 0234 909-4441 bei der Kriminalwache zu melden.<\/p>\n<p>\t\t<a href=\"https:\/\/www.ruhrnachrichten.de\/regionales\/unfall-a3-oberhausen-polizei-lkw-pferd-eingeschlaefert-pferdeanhaenger-w1063916-2001761107\/\" rel=\"nofollow noopener\" aria-hidden=\"true\" tabindex=\"-1\" title=\"Pferd nach Unfall auf A3 bei Oberhausen eingeschl\u00e4fert Lkw prallt auf Pferdeanh\u00e4nger \" aria-label=\"Pferd nach Unfall auf A3 bei Oberhausen eingeschl\u00e4fert Lkw prallt auf Pferdeanh\u00e4nger \" target=\"_blank\"><\/p>\n<p>                <img decoding=\"async\" src=\"https:\/\/www.europesays.com\/de\/wp-content\/uploads\/2025\/08\/630_0900_4932374_55865822-160x160.jpg\"  width=\"160\" height=\"160\" alt=\"Zwei Pferde werden am 04.07.2014 auf einer Autobahn in einem Anh\u00e4nger transportiert.\" loading=\"lazy\"\/><\/p>\n<p>\t\t<\/a><\/p>\n<p>bani<\/p>\n","protected":false},"excerpt":{"rendered":"Zwei Bochumer (24 und 27) mit Messer schwer verletzt Polizei sucht Zeugen In Bochum sind zwei M\u00e4nner mit&hellip;\n","protected":false},"author":2,"featured_media":332552,"comment_status":"","ping_status":"","sticky":false,"template":"","format":"standard","meta":{"footnotes":""},"categories":[1839],"tags":[1950,7507,3364,29,30,1209],"class_list":{"0":"post-332551","1":"post","2":"type-post","3":"status-publish","4":"format-standard","5":"has-post-thumbnail","7":"category-bochum","8":"tag-blaulicht","9":"tag-bochum","10":"tag-de","11":"tag-deutschland","12":"tag-germany","13":"tag-nordrhein-westfalen"},"share_on_mastodon":{"url":"https:\/\/pubeurope.com\/@de\/115001611206979859","error":""},"_links":{"self":[{"href":"https:\/\/www.europesays.com\/de\/wp-json\/wp\/v2\/posts\/332551","targetHints":{"allow":["GET"]}}],"collection":[{"href":"https:\/\/www.europesays.com\/de\/wp-json\/wp\/v2\/posts"}],"about":[{"href":"https:\/\/www.europesays.com\/de\/wp-json\/wp\/v2\/types\/post"}],"author":[{"embeddable":true,"href":"https:\/\/www.europesays.com\/de\/wp-json\/wp\/v2\/users\/2"}],"replies":[{"embeddable":true,"href":"https:\/\/www.europesays.com\/de\/wp-json\/wp\/v2\/comments?post=332551"}],"version-history":[{"count":0,"href":"https:\/\/www.europesays.com\/de\/wp-json\/wp\/v2\/posts\/332551\/revisions"}],"wp:featuredmedia":[{"embeddable":true,"href":"https:\/\/www.europesays.com\/de\/wp-json\/wp\/v2\/media\/332552"}],"wp:attachment":[{"href":"https:\/\/www.europesays.com\/de\/wp-json\/wp\/v2\/media?parent=332551"}],"wp:term":[{"taxonomy":"category","embeddable":true,"href":"https:\/\/www.europesays.com\/de\/wp-json\/wp\/v2\/categories?post=332551"},{"taxonomy":"post_tag","embeddable":true,"href":"https:\/\/www.europesays.com\/de\/wp-json\/wp\/v2\/tags?post=332551"}],"curies":[{"name":"wp","href":"https:\/\/api.w.org\/{rel}","templated":true}]}}