{"id":332561,"date":"2025-08-10T00:25:16","date_gmt":"2025-08-10T00:25:16","guid":{"rendered":"https:\/\/www.europesays.com\/de\/332561\/"},"modified":"2025-08-10T00:25:16","modified_gmt":"2025-08-10T00:25:16","slug":"neue-hitzewelle-in-frankreich-ueber-40-grad-am-wochenende-erwartet","status":"publish","type":"post","link":"https:\/\/www.europesays.com\/de\/332561\/","title":{"rendered":"Neue Hitzewelle in Frankreich: \u00dcber 40 Grad am Wochenende erwartet"},"content":{"rendered":"<p>      Neue Hitzewelle in Frankreich: \u00dcber 40 Grad am Wochenende erwartet<\/p>\n<p>            Kopiere den aktuellen Link<\/p>\n<p>          Zur Merkliste hinzuf\u00fcgen<\/p>\n<p>In Frankreich hat eine neue Hitzewelle begonnen: Dutzende D\u00e9partements im S\u00fcden des Landes wurden am Freitag in Alarmbereitschaft versetzt, am Sonntag k\u00f6nnten die Temperaturen die 40-Grad-Marke \u00fcberschreiten. Der H\u00f6hepunkt der Hitzewelle wird nach Angaben des Wetterdienstes Anfang kommender Woche in weiten Teilen des Landes erwartet.<\/p>\n<p class=\"typo-body-default is-initial\">Frankreich hatte bereits vom 19. Juni bis zum 4. Juli unter einer <a class=\"taxonomy-entity keyword\" data-target-type=\"article\" href=\"https:\/\/www.stern.de\/panorama\/themen\/hitzewelle-4169698.html\" rel=\"nofollow noopener\" target=\"_blank\">Hitzewelle<\/a> ge\u00e4chzt. Laut dem Wetterdienst M\u00e9t\u00e9o-France ist die jetzige Hitzewelle nun die 51., die seit 1947 im Land registriert wurde.<\/p>\n<p class=\"typo-body-default\">Der Wetterdienst warnte zudem vor einer hohen Waldbrandgefahr im Mittelmeerraum. Am Donnerstagabend konnte die Feuerwehr einen Gro\u00dfbrand im S\u00fcden des Landes unter Kontrolle bringen, gel\u00f6scht wurde er allerdings noch nicht. Bislang wurden durch den Brand 17.000 Hektar Vegetation zerst\u00f6rt, ein Mensch kam ums Leben.<\/p>\n<p class=\"typo-body-default\">Nach Einsch\u00e4tzung von Wissenschaftlern sind extreme Wetterereignisse, zu denen Hitzewellen ebenso wie St\u00fcrme z\u00e4hlen, auch eine Folge des menschengemachten Klimawandels. Es wird damit gerechnet, dass sie an Intensit\u00e4t und H\u00e4ufigkeit weiter zunehmen.<\/p>\n<p>\n    AFP\n  <\/p>\n","protected":false},"excerpt":{"rendered":"Neue Hitzewelle in Frankreich: \u00dcber 40 Grad am Wochenende erwartet Kopiere den aktuellen Link Zur Merkliste hinzuf\u00fcgen In&hellip;\n","protected":false},"author":2,"featured_media":332562,"comment_status":"","ping_status":"","sticky":false,"template":"","format":"standard","meta":{"footnotes":""},"categories":[3974],"tags":[331,332,548,663,3934,3980,156,13,14,15,12],"class_list":{"0":"post-332561","1":"post","2":"type-post","3":"status-publish","4":"format-standard","5":"has-post-thumbnail","7":"category-frankreich","8":"tag-aktuelle-nachrichten","9":"tag-aktuelle-news","10":"tag-eu","11":"tag-europa","12":"tag-europe","13":"tag-france","14":"tag-frankreich","15":"tag-headlines","16":"tag-nachrichten","17":"tag-news","18":"tag-schlagzeilen"},"share_on_mastodon":{"url":"https:\/\/pubeurope.com\/@de\/115001630842369068","error":""},"_links":{"self":[{"href":"https:\/\/www.europesays.com\/de\/wp-json\/wp\/v2\/posts\/332561","targetHints":{"allow":["GET"]}}],"collection":[{"href":"https:\/\/www.europesays.com\/de\/wp-json\/wp\/v2\/posts"}],"about":[{"href":"https:\/\/www.europesays.com\/de\/wp-json\/wp\/v2\/types\/post"}],"author":[{"embeddable":true,"href":"https:\/\/www.europesays.com\/de\/wp-json\/wp\/v2\/users\/2"}],"replies":[{"embeddable":true,"href":"https:\/\/www.europesays.com\/de\/wp-json\/wp\/v2\/comments?post=332561"}],"version-history":[{"count":0,"href":"https:\/\/www.europesays.com\/de\/wp-json\/wp\/v2\/posts\/332561\/revisions"}],"wp:featuredmedia":[{"embeddable":true,"href":"https:\/\/www.europesays.com\/de\/wp-json\/wp\/v2\/media\/332562"}],"wp:attachment":[{"href":"https:\/\/www.europesays.com\/de\/wp-json\/wp\/v2\/media?parent=332561"}],"wp:term":[{"taxonomy":"category","embeddable":true,"href":"https:\/\/www.europesays.com\/de\/wp-json\/wp\/v2\/categories?post=332561"},{"taxonomy":"post_tag","embeddable":true,"href":"https:\/\/www.europesays.com\/de\/wp-json\/wp\/v2\/tags?post=332561"}],"curies":[{"name":"wp","href":"https:\/\/api.w.org\/{rel}","templated":true}]}}