{"id":332621,"date":"2025-08-10T00:56:11","date_gmt":"2025-08-10T00:56:11","guid":{"rendered":"https:\/\/www.europesays.com\/de\/332621\/"},"modified":"2025-08-10T00:56:11","modified_gmt":"2025-08-10T00:56:11","slug":"und-leben-de-streit-um-koelner-priesterausbildung-land-nrw-und-vatikan-schlichten","status":"publish","type":"post","link":"https:\/\/www.europesays.com\/de\/332621\/","title":{"rendered":"und-Leben.de &#8211; Streit um K\u00f6lner Priesterausbildung: Land NRW und Vatikan schlichten"},"content":{"rendered":"<p>Die Kommission aus Vertretern des Vatikans und der Landesregierung NRW hat die Schlichtungsarbeit begonnen. Was Juristen und das Erzbistum K\u00f6ln dazu sagen.<\/p>\n<p>Im <a href=\"https:\/\/www.kirche-und-leben.de\/artikel\/trotz-der-proteste-koeln-schliesst-priesterausbildungs-haus-in-bonn\" target=\"_blank\" rel=\"nofollow noopener\">Streit um die wissenschaftliche Ausbildung katholischer Priester im Erzbistum K\u00f6ln<\/a> haben der Vatikan und die nordrhein-westf\u00e4lische Landesregierung eine Kommission eingesetzt. Sie soll Meinungsverschiedenheiten zur Rolle der K\u00f6lner Hochschule f\u00fcr Katholische Theologie freundschaftlich beseitigen, wie die Staatskanzlei in D\u00fcsseldorf auf Anfrage der Katholischen Nachrichten-Agentur (KNA) mitteilte. Die Kommission habe ihre Arbeit bereits aufgenommen, ein Abschluss der Beratungen sei derzeit nicht absehbar.<\/p>\n<p>Das Erzbistum hatte die Hochschule 2020 auf Initiative von <a href=\"https:\/\/www.kirche-und-leben.de\/themen\/themenbereich\/woelki-rainer-maria\" target=\"_blank\" title=\"Rainer Maria Woelki\" rel=\"nofollow noopener\">Erzbischof Rainer Maria Woelki<\/a> von den Steyler Missionaren \u00fcbernommen. Seither studieren dort auch angehende Priester Theologie. Kritiker werfen Woelki vor, mit der kirchlichen Hochschule ein <a href=\"https:\/\/www.kirche-und-leben.de\/artikel\/khkt-kardinal-woelki-sollte-seine-eigentlichen-motive-offenlegen\" target=\"_blank\" rel=\"nofollow noopener\">konservatives Gegengewicht zur Katholisch-Theologischen Fakult\u00e4t an der staatlichen Universit\u00e4t Bonn<\/a> schaffen zu wollen. Die Landesregierung besteht darauf, dass nur die Uni Bonn Priester ausbilden darf, und will den entsprechenden Studiengang an der K\u00f6lner Hochschule ab n\u00e4chstem Jahr nicht mehr anerkennen. Sie beruft sich dabei auf das Preu\u00dfenkonkordat von 1929, einen Vertrag zwischen Vatikan und dem Land Preu\u00dfen, der auch heute noch f\u00fcr das Land NRW gilt.<\/p>\n<p>Kommission aus Vertretern von Vatikan und Landesregierung<\/p>\n<p>Zuletzt hatten zwei K\u00f6lner <a href=\"https:\/\/www.kirche-und-leben.de\/artikel\/wissenschaft-recht-juristen-khkt-hochschule-erzbistum-koeln-kardinal-rainer-maria-woelki-kritik-konkordat-verstoss\" target=\"_blank\" rel=\"nofollow noopener\">Juristen die Position der Landesregierung untermauert<\/a>. Das Konkordat enthalte eine Bestandsgarantie f\u00fcr die theologische Fakult\u00e4t in Bonn, schreiben die Professoren Stefan Muckel und Markus Ogorek in einem noch unver\u00f6ffentlichten Artikel, der Kirche+Leben vorliegt. Damit verbiete der Vertrag der Kirche, konkurrierende Ausbildungsst\u00e4tten zu errichten. Eine Verlagerung der wissenschaftlichen Priesterausbildung an die K\u00f6lner Hochschule sei daher Rechtsbruch. Das Erzbistum betonte indes auf KNA-Anfrage, es gebe keine solche Verlagerung. Angehende Priester k\u00f6nnten ihren Studienort frei w\u00e4hlen.<\/p>\n<p>Die Kommission besteht aus Vertretern des <a href=\"https:\/\/www.kirche-und-leben.de\/themen\/themenbereich\/vatikan-und-weltkirche\" target=\"_blank\" title=\"Vatikan\" rel=\"nofollow noopener\">Vatikans<\/a> und der Landesregierung. Konkrete Namen nannte die Staatskanzlei nicht. Die Gruppe wurde <a href=\"https:\/\/www.kirche-und-leben.de\/artikel\/priester-ausbildung-erzbistum-koeln-khkt-uni-bonn-woelki-vatikan-papst\" target=\"_blank\" rel=\"nofollow noopener\">auf Vorschlag des Vatikans eingerichtet<\/a>. Dabei berief er sich ebenfalls auf das Konkordat. Dort hei\u00dft es: \u201eDie Hohen Vertragschlie\u00dfenden werden eine etwa in Zukunft zwischen ihnen entstehende Meinungsverschiedenheit \u00fcber die Auslegung einer Bestimmung dieses Konkordats auf freundschaftliche Weise beseitigen.\u201c<\/p>\n<p>Erzbistum K\u00f6ln: \u201eNur Vatikan Vertragspartner des Preu\u00dfenkonkordats\u201c<\/p>\n<p>Das <a href=\"https:\/\/www.kirche-und-leben.de\/themen\/themenbereich\/erzbistum-koeln\" target=\"_blank\" title=\"Erzbistum K\u00f6ln\" rel=\"nofollow noopener\">Erzbistum<\/a> wollte sich auf Anfrage nicht zu der Kommission \u00e4u\u00dfern. Es verwies darauf, dass der Vatikan und nicht die Erzdi\u00f6zese Vertragspartner des Preu\u00dfenkonkordats sei.<\/p>\n","protected":false},"excerpt":{"rendered":"Die Kommission aus Vertretern des Vatikans und der Landesregierung NRW hat die Schlichtungsarbeit begonnen. Was Juristen und das&hellip;\n","protected":false},"author":2,"featured_media":332622,"comment_status":"","ping_status":"","sticky":false,"template":"","format":"standard","meta":{"footnotes":""},"categories":[1828],"tags":[29,30,16393,1420,1209],"class_list":{"0":"post-332621","1":"post","2":"type-post","3":"status-publish","4":"format-standard","5":"has-post-thumbnail","7":"category-koeln","8":"tag-deutschland","9":"tag-germany","10":"tag-kirche-und-leben-netz","11":"tag-koeln","12":"tag-nordrhein-westfalen"},"share_on_mastodon":{"url":"https:\/\/pubeurope.com\/@de\/115001752540190195","error":""},"_links":{"self":[{"href":"https:\/\/www.europesays.com\/de\/wp-json\/wp\/v2\/posts\/332621","targetHints":{"allow":["GET"]}}],"collection":[{"href":"https:\/\/www.europesays.com\/de\/wp-json\/wp\/v2\/posts"}],"about":[{"href":"https:\/\/www.europesays.com\/de\/wp-json\/wp\/v2\/types\/post"}],"author":[{"embeddable":true,"href":"https:\/\/www.europesays.com\/de\/wp-json\/wp\/v2\/users\/2"}],"replies":[{"embeddable":true,"href":"https:\/\/www.europesays.com\/de\/wp-json\/wp\/v2\/comments?post=332621"}],"version-history":[{"count":0,"href":"https:\/\/www.europesays.com\/de\/wp-json\/wp\/v2\/posts\/332621\/revisions"}],"wp:featuredmedia":[{"embeddable":true,"href":"https:\/\/www.europesays.com\/de\/wp-json\/wp\/v2\/media\/332622"}],"wp:attachment":[{"href":"https:\/\/www.europesays.com\/de\/wp-json\/wp\/v2\/media?parent=332621"}],"wp:term":[{"taxonomy":"category","embeddable":true,"href":"https:\/\/www.europesays.com\/de\/wp-json\/wp\/v2\/categories?post=332621"},{"taxonomy":"post_tag","embeddable":true,"href":"https:\/\/www.europesays.com\/de\/wp-json\/wp\/v2\/tags?post=332621"}],"curies":[{"name":"wp","href":"https:\/\/api.w.org\/{rel}","templated":true}]}}