{"id":333210,"date":"2025-08-10T06:44:16","date_gmt":"2025-08-10T06:44:16","guid":{"rendered":"https:\/\/www.europesays.com\/de\/333210\/"},"modified":"2025-08-10T06:44:16","modified_gmt":"2025-08-10T06:44:16","slug":"buch-ueber-prinz-andrew-bringt-details-ans-licht","status":"publish","type":"post","link":"https:\/\/www.europesays.com\/de\/333210\/","title":{"rendered":"Buch \u00fcber Prinz Andrew bringt Details ans Licht"},"content":{"rendered":"<p>Fiese Spr\u00fcche gegen Kate?<\/p>\n<p>Buch \u00fcber Prinz Andrew bringt Details ans Licht<\/p>\n<p>von Nadine Miller<\/p>\n<p>10.08.2025, 08:05 Uhr<\/p>\n<p>10. August 2025 um 08:05 Uhr<\/p>\n<p>Ein neues Buch \u00fcber Prinz Andrew enth\u00fcllt, dass er schlecht \u00fcber Kate gesprochen haben soll. Ist das der Grund f\u00fcr die Eiszeit zwischen William &amp; Andrew?<\/p>\n<p><a href=\"https:\/\/www.bunte.de\/starprofile\/prinz-andrew.html\" rel=\"follow nofollow noopener\" target=\"_self\">Prinz Andrew<\/a> (61) hat es nicht leicht \u2013 ein Skandal jagt den n\u00e4chsten. Ein neues Enth\u00fcllungsbuch mit dem Titel &#8222;Entitled: The Rise and Fall of the Yorks&#8220; beleuchtet das &#8222;hedonistische&#8220; Leben des Herzogs von York und dessen Ex-Frau Sarah Ferguson (65). Darin geht es aber auch um Spannungen innerhalb des K\u00f6nigshauses.<\/p>\n<p><strong>Prinz Andrew soll &#8222;unh\u00f6fliche&#8220; Bemerkungen gegen\u00fcber Kate gemacht haben<\/strong><\/p>\n<p>Die Beziehung zwischen Prinz William (43) und Prinz Andrew soll bereits seit Jahren frostig sein. Laut einer Quelle, die mit dem Buch-Autor Andrew Lownie gesprochen hat, soll einer der Gr\u00fcnde sein, dass Williams Onkel &#8222;unh\u00f6fliche&#8220; Spr\u00fcche gegen\u00fcber Prinzessin Kate (43) gemacht habe. Um welche fiesen Bemerkungen es ging, gab die Quelle nicht an.<\/p>\n<p>ANZEIGE<strong>Wollte Prinz William Prinz Andrew aus Anwesen vertreiben?<\/strong><\/p>\n<p>Das Buch, das dem britischen &#8222;Mirror&#8220; vorliegt, behauptet auch, dass Prinz William seit Jahren versucht habe, Prinz Andrew zusammen mit seiner Ex-Frau Sarah Ferguson aus der Royal Lodge zu vertreiben. Dabei handelt es sich um ein Anwesen, welches die beiden auf dem Gel\u00e4nde von Windsor Castle bewohnen.<\/p>\n<p>Die Quelle wird in dem Enth\u00fcllungsbuch zitiert und sagt: &#8222;Er [William] verabscheut auch Sarah, Andrews Ex-Frau, und kann es kaum erwarten, dass sein Vater sie beide rauswirft. Wenn Charles das nicht tut, garantiere ich Ihnen, dass William, sobald er K\u00f6nig wird, als Erstes daf\u00fcr sorgen wird, dass sie rausgeworfen werden.&#8220;<\/p>\n<p>ANZEIGE<\/p>\n<p><a data-hk=\"031110\" data-qa-article-links-box-title-link=\"https:\/\/www.bunte.de\/royals\/britisches-koenigshaus\/true\" href=\"https:\/\/www.bunte.de\/royals\/britisches-koenigshaus\/\" rel=\"follow nofollow noopener\" target=\"_self\">Mehr aus dem Bereich Britisches K\u00f6nigshaus<\/a><a data-hk=\"031120\" data-qa-article-links-box-href=\"https:\/\/www.bunte.de\/royals\/britisches-koenigshaus\/true\" href=\"https:\/\/www.bunte.de\/royals\/britisches-koenigshaus\/welcher-royal-kate-in-beliebtheitsstudie-auf-platz-2-verdraengt_b3e4a1b1-c964-4b46-8f11-6b7409a72452.html\" rel=\"follow nofollow noopener\" target=\"_self\" class=\"LinkBox_Link row\"><\/p>\n<p>Welcher Royal Kate in Beliebtheitsstudie auf Platz 2 verdr\u00e4ngt<\/p>\n<p>Sonntag, 10.08.2025 | 08:37<\/a><a data-hk=\"031125\" data-qa-article-links-box-href=\"https:\/\/www.bunte.de\/royals\/britisches-koenigshaus\/true\" href=\"https:\/\/www.bunte.de\/royals\/britisches-koenigshaus\/mitarbeiter-von-prinz-andrew-lehnt-auftrag-empoert-ab-bin-doch-kein-zuhaelter_b8b913ba-8fb8-4d9e-a8aa-a909317e3979.html\" rel=\"follow nofollow noopener\" target=\"_self\" class=\"LinkBox_Link row\"><\/p>\n<p>Eklat um Prinz Andrew \u2013 Mitarbeiter lehnt pikante Bitte emp\u00f6rt ab<\/p>\n<p>Sonntag, 10.08.2025 | 06:17<\/a><a data-hk=\"03112a10\" data-qa-article-links-box-href=\"https:\/\/www.bunte.de\/royals\/britisches-koenigshaus\/true\" href=\"https:\/\/www.bunte.de\/royals\/britisches-koenigshaus\/koenig-charles-kuendigt-historische-rede-an-aus-einem-bewegenden-grund_67fd12b5-85a3-4ce6-a5a1-9c7812dfab61.html\" rel=\"follow nofollow noopener\" target=\"_self\" class=\"LinkBox_Link row LinkBox_Link--Last-Visible\"><\/p>\n<p>K\u00f6nig Charles k\u00fcndigt historische Rede an \u2013 aus bewegendem Grund<\/p>\n<p>Samstag, 09.08.2025 | 20:19<\/a><a data-hk=\"03112a15\" data-qa-article-links-box-href=\"https:\/\/www.bunte.de\/royals\/britisches-koenigshaus\/true\" href=\"https:\/\/www.bunte.de\/royals\/britisches-koenigshaus\/royal-cousine-flora-vesterberg-sorgt-fuer-herrlich-sympathischen-moment_9077abc8-8d20-4799-b7ce-7c950b7e2f3b.html\" rel=\"follow nofollow noopener\" target=\"_self\" class=\"LinkBox_Link row LinkBox_Link--Hidden\"><\/p>\n<p>Royal-Cousine Flora Vesterberg sorgt f\u00fcr herrlich sympathischen Moment<\/p>\n<p>Samstag, 09.08.2025 | 18:20<\/a><a data-hk=\"03112a20\" data-qa-article-links-box-href=\"https:\/\/www.bunte.de\/royals\/britisches-koenigshaus\/true\" href=\"https:\/\/www.bunte.de\/royals\/britisches-koenigshaus\/warum-koenigin-camillas-luxus-urlaub-fuer-aerger-sorgt_1fbcbc08-4a15-43b4-af7f-91ed533beee4.html\" rel=\"follow nofollow noopener\" target=\"_self\" class=\"LinkBox_Link row LinkBox_Link--Hidden\"><\/p>\n<p>Warum K\u00f6nigin Camillas Luxus-Urlaub f\u00fcr \u00c4rger sorgt<\/p>\n<p>Samstag, 09.08.2025 | 14:17<\/a><a data-hk=\"03112a25\" data-qa-article-links-box-href=\"https:\/\/www.bunte.de\/royals\/britisches-koenigshaus\/true\" href=\"https:\/\/www.bunte.de\/royals\/britisches-koenigshaus\/mehr-als-ich-in-worte-fassen-kann-sarah-ferguson-gratuliert-tochter-beatrice_f29a9d64-1d70-46cd-a701-9288eaa6183c.html\" rel=\"follow nofollow noopener\" target=\"_self\" class=\"LinkBox_Link row LinkBox_Link--Hidden\"><\/p>\n<p>Sarah Ferguson widmet Tochter Beatrice liebevolle Botschaft<\/p>\n<p>Samstag, 09.08.2025 | 13:57<\/a><a data-hk=\"03112a30\" data-qa-article-links-box-href=\"https:\/\/www.bunte.de\/royals\/britisches-koenigshaus\/true\" href=\"https:\/\/www.bunte.de\/royals\/britisches-koenigshaus\/die-tragische-liebesvergangenheit-von-beatrice-von-york_4ebf3ec9-6ebd-4be7-a231-f16c92d375f0.html\" rel=\"follow nofollow noopener\" target=\"_self\" class=\"LinkBox_Link row LinkBox_Link--Hidden\"><\/p>\n<p>Die tragische Liebesvergangenheit von Prinzessin Beatrice<\/p>\n<p>Samstag, 09.08.2025 | 08:56<\/a><a data-hk=\"03112a35\" data-qa-article-links-box-href=\"https:\/\/www.bunte.de\/royals\/britisches-koenigshaus\/true\" href=\"https:\/\/www.bunte.de\/royals\/britisches-koenigshaus\/palast-teilt-neues-portrait-von-prinzessin-anne-mit-neuer-frisur_6b799fdb-ca59-4295-be49-ed979bf00999.html\" rel=\"follow nofollow noopener\" target=\"_self\" class=\"LinkBox_Link row LinkBox_Link--Hidden\"><\/p>\n<p>Palast teilt neues Portrait von Prinzessin Anne \u2013 mit neuer Frisur<\/p>\n<p>Samstag, 09.08.2025 | 00:21<\/a><a data-hk=\"03112a40\" data-qa-article-links-box-href=\"https:\/\/www.bunte.de\/royals\/britisches-koenigshaus\/true\" href=\"https:\/\/www.bunte.de\/royals\/britisches-koenigshaus\/prinz-william-gratuliert-fussballklub-zu-historischem-moment_8f534518-fd51-4724-b43f-73782d5bdfdf.html\" rel=\"follow nofollow noopener\" target=\"_self\" class=\"LinkBox_Link row LinkBox_Link--Hidden\"><\/p>\n<p>Prinz William gratuliert Fu\u00dfballklub zu historischem Moment<\/p>\n<p>Freitag, 08.08.2025 | 18:18<\/a><a data-hk=\"03112a45\" data-qa-article-links-box-href=\"https:\/\/www.bunte.de\/royals\/britisches-koenigshaus\/true\" href=\"https:\/\/www.bunte.de\/royals\/britisches-koenigshaus\/das-muesst-ihr-sehen-so-skurril-feierte-beatrice-ihren-18-geburtstag.html\" rel=\"follow nofollow noopener\" target=\"_self\" class=\"LinkBox_Link row LinkBox_Link--Hidden\"><\/p>\n<p>So skurril feierte Beatrice ihren 18. Geburtstag<\/p>\n<p>Freitag, 08.08.2025 | 17:55<\/a><img decoding=\"async\" data-hk=\"008350a1907004010\" loading=\"lazy\"  src=\"https:\/\/www.europesays.com\/de\/wp-content\/uploads\/2025\/08\/7145f9d0-6352-48b9-8d27-b9146a9b4f82.6cccf8b2-012e-4cb4-9163-ec6728f1c611.jpg\"  alt=\"Prinz Andrew und Sarah Ferguson\" width=\"570\" height=\"720\"\/> Prinz Andrew und Sarah Ferguson  Photo by Chris Jackson\/Getty Images <strong>Schwieriges Verh\u00e4ltnis zwischen Prinz William und Prinz Andrew<\/strong><\/p>\n<p>Seit geraumer Zeit machen Spekulationen \u00fcber ein angespanntes Verh\u00e4ltnis zwischen Prinz William und Prinz Andrew die Runde. Im <a href=\"https:\/\/www.bunte.de\/royals\/britisches-koenigshaus\/skandal-prinz-andrew-feiert-comeback-bei-ostergottesdienst_c7e800f1-cd2c-4b75-9747-430d106b2d88.html\" rel=\"follow nofollow noopener\" target=\"_self\">Fr\u00fchjahr 2025 zeigte sich der Herzog von York beim traditionellen Ostergottesdienst<\/a> der k\u00f6niglichen Familie in der St. George\u2019s Chapel. William und seine Familie \u2013 Ehefrau Kate und ihre drei Kinder \u2013 blieben dem Ereignis hingegen fern. Stattdessen verl\u00e4ngerten sie ihren Aufenthalt in Norfolk, nachdem sie gerade erst von einem Skiurlaub zur\u00fcckgekehrt waren. Damals berichteten Insider aus dem Umfeld des Palastes, dass William es vorziehe, seinem Onkel Andrew bei famili\u00e4ren Anl\u00e4ssen aus dem Weg zu gehen.<\/p>\n<p>ANZEIGE<\/p>\n<p><strong>Prinz Andrew und seine Skandale<\/strong><\/p>\n<p>Hintergrund seien die Skandale, die Andrew in der j\u00fcngeren Vergangenheit in Verbindung mit seiner Person und dem K\u00f6nigshaus gebracht habe. Nach dem ber\u00fcchtigten &#8222;Newsnight&#8220;-Interview im Jahr 2019, in dem seine Verbindungen zum verstorbenen Sexualstraft\u00e4ter Jeffrey Epstein ans Licht kamen, soll William eine zentrale Rolle dabei gespielt haben, Prinz Andrew aus \u00f6ffentlichen Aufgaben und dem royalen Leben zur\u00fcckzuziehen.<\/p>\n<p><img decoding=\"async\" data-hk=\"0110200010\" loading=\"lazy\"  src=\"https:\/\/www.europesays.com\/de\/wp-content\/uploads\/2025\/08\/3510ab93-83fc-4fba-b141-ea7d3f077949.6f4db33f-d94c-40f3-bdbd-098704529535.jpeg\"  alt=\"Prinz Andrew mit gleich neun Frauen im Bett\"\/><\/p>\n<p>Im Video erfahrt ihr, welche Details ebenfalls ans Licht kamenMax Mumby\/Indigo\/Getty Images<\/p>\n","protected":false},"excerpt":{"rendered":"Fiese Spr\u00fcche gegen Kate? Buch \u00fcber Prinz Andrew bringt Details ans Licht von Nadine Miller 10.08.2025, 08:05 Uhr&hellip;\n","protected":false},"author":2,"featured_media":333211,"comment_status":"","ping_status":"","sticky":false,"template":"","format":"standard","meta":{"footnotes":""},"categories":[1774],"tags":[1784,1785,29,214,30,215],"class_list":{"0":"post-333210","1":"post","2":"type-post","3":"status-publish","4":"format-standard","5":"has-post-thumbnail","7":"category-buecher","8":"tag-books","9":"tag-buecher","10":"tag-deutschland","11":"tag-entertainment","12":"tag-germany","13":"tag-unterhaltung"},"share_on_mastodon":{"url":"https:\/\/pubeurope.com\/@de\/115003121069454324","error":""},"_links":{"self":[{"href":"https:\/\/www.europesays.com\/de\/wp-json\/wp\/v2\/posts\/333210","targetHints":{"allow":["GET"]}}],"collection":[{"href":"https:\/\/www.europesays.com\/de\/wp-json\/wp\/v2\/posts"}],"about":[{"href":"https:\/\/www.europesays.com\/de\/wp-json\/wp\/v2\/types\/post"}],"author":[{"embeddable":true,"href":"https:\/\/www.europesays.com\/de\/wp-json\/wp\/v2\/users\/2"}],"replies":[{"embeddable":true,"href":"https:\/\/www.europesays.com\/de\/wp-json\/wp\/v2\/comments?post=333210"}],"version-history":[{"count":0,"href":"https:\/\/www.europesays.com\/de\/wp-json\/wp\/v2\/posts\/333210\/revisions"}],"wp:featuredmedia":[{"embeddable":true,"href":"https:\/\/www.europesays.com\/de\/wp-json\/wp\/v2\/media\/333211"}],"wp:attachment":[{"href":"https:\/\/www.europesays.com\/de\/wp-json\/wp\/v2\/media?parent=333210"}],"wp:term":[{"taxonomy":"category","embeddable":true,"href":"https:\/\/www.europesays.com\/de\/wp-json\/wp\/v2\/categories?post=333210"},{"taxonomy":"post_tag","embeddable":true,"href":"https:\/\/www.europesays.com\/de\/wp-json\/wp\/v2\/tags?post=333210"}],"curies":[{"name":"wp","href":"https:\/\/api.w.org\/{rel}","templated":true}]}}