{"id":333218,"date":"2025-08-10T06:48:10","date_gmt":"2025-08-10T06:48:10","guid":{"rendered":"https:\/\/www.europesays.com\/de\/333218\/"},"modified":"2025-08-10T06:48:10","modified_gmt":"2025-08-10T06:48:10","slug":"krankheitswelle-zur-monatsmitte-august-ohrenschmerzen-momentan-besonders-haeufig","status":"publish","type":"post","link":"https:\/\/www.europesays.com\/de\/333218\/","title":{"rendered":"Krankheitswelle zur Monatsmitte August: Ohrenschmerzen momentan besonders h\u00e4ufig!"},"content":{"rendered":"<ul>\n<li><strong>Magen-Darm-Beschwerden<\/strong> in Kalenderwoche 31 am st\u00e4rksten verbreitet mit 7.375 Meldungen <\/li>\n<li><strong>Ohrenschmerzen<\/strong> nehmen um 6.1% zu <\/li>\n<li><strong>Durchfall<\/strong> schwachen um 11.3% ab   <\/li>\n<\/ul>\n<p>Magen-Darm-Beschwerden stehen aktuell an erster Stelle in der bundesweiten Symptomstatistik \u2013 und das ist typisch f\u00fcr die w\u00e4rmere Jahreszeit. <a href=\"https:\/\/www.aok.de\/pk\/magazin\/koerper-psyche\/immunsystem\/magen-darm-infekt-symptome-ursachen-und-behandlung\/\" rel=\"nofollow noopener\" target=\"_blank\"><strong>Laut AOK<\/strong><\/a> sind Viren wie das Noro- oder Rotavirus in den Sommermonaten besonders aktiv. H\u00e4ufige Ausl\u00f6ser sind verdorbene Lebensmittel oder verunreinigte H\u00e4nde. Die AOK r\u00e4t, viel zu trinken und leichte Kost zu bevorzugen \u2013 in den meisten F\u00e4llen heilt ein Infekt ohne Medikamente aus.<\/p>\n<p>Magen-Darm-Beschwerden aktuell h\u00e4ufigste Krankheit in Deutschland<\/p>\n<p>Der Kassen\u00e4rztliche Bereitschaftsdienst des Patientenservices 116 117 meldet f\u00fcr die Kalenderwoche 31 <strong>Magen-Darm-Beschwerden<\/strong> als am h\u00e4ufigsten genanntes Symptom. Mit insgesamt <strong>7.375<\/strong> Meldungen stehen sie an der Spitze aller registrierten Beschwerden. <strong>10,8<\/strong> \u202fProzent aller Anrufe deutschlandweit entfielen auf dieses Symptom.  <\/p>\n<tr>SymptomAnzahlAnteil in %<\/tr>\n<tr>\n<td style=\"text-align: center;\">Magen-Darm-Beschwerden<\/td>\n<td style=\"text-align: center;\">7.375<\/td>\n<td style=\"text-align: center;\">12,2%<\/td>\n<\/tr>\n<tr>\n<td style=\"text-align: center;\">Bauchschmerzen<\/td>\n<td style=\"text-align: center;\">7.189<\/td>\n<td style=\"text-align: center;\">11,9%<\/td>\n<\/tr>\n<tr>\n<td style=\"text-align: center;\">Fieber<\/td>\n<td style=\"text-align: center;\">6.097<\/td>\n<td style=\"text-align: center;\">10,1%<\/td>\n<\/tr>\n<tr>\n<td style=\"text-align: center;\">Kopfschmerzen<\/td>\n<td style=\"text-align: center;\">5.370<\/td>\n<td style=\"text-align: center;\">8,9%<\/td>\n<\/tr>\n<tr>\n<td style=\"text-align: center;\">Schwindel<\/td>\n<td style=\"text-align: center;\">4.870<\/td>\n<td style=\"text-align: center;\">8%<\/td>\n<\/tr>\n<tr>\n<td style=\"text-align: center;\">R\u00fcckenschmerzen<\/td>\n<td style=\"text-align: center;\">3.662<\/td>\n<td style=\"text-align: center;\">6%<\/td>\n<\/tr>\n<tr>\n<td style=\"text-align: center;\">Harnwegsbeschwerden<\/td>\n<td style=\"text-align: center;\">3.506<\/td>\n<td style=\"text-align: center;\">5,8%<\/td>\n<\/tr>\n<tr>\n<td style=\"text-align: center;\">Atembeschwerden<\/td>\n<td style=\"text-align: center;\">3.133<\/td>\n<td style=\"text-align: center;\">5,2%<\/td>\n<\/tr>\n<tr>\n<td style=\"text-align: center;\">Ohrenschmerzen<\/td>\n<td style=\"text-align: center;\">3.032<\/td>\n<td style=\"text-align: center;\">5%<\/td>\n<\/tr>\n<tr>\n<td style=\"text-align: center;\">Durchfall<\/td>\n<td style=\"text-align: center;\">2.974<\/td>\n<td style=\"text-align: center;\">4,9%<\/td>\n<\/tr>\n<p><strong>Lesen Sie auch:<\/strong>   <\/p>\n<p>&#8211;&gt; <a href=\"https:\/\/www.news.de\/gesundheit\/858151577\/corona-erkaeltung-rsv-virus-und-grippe-infektionen-aktuell-in-deutschland-2025-entwicklung-der-infektionszahlen-inzidenz-hospitalisierung-und-todesfaelle-fuer-atemwegsinfektionen\/1\/\" target=\"_blank\" rel=\"nofollow noopener\"><strong>Corona, Grippe, RSV im Fokus: Steigende Werte f\u00fcr Normalstationen-Auslastung und Intensivbetten-Auslastung<\/strong><\/a>   <\/p>\n<p>&#8211;&gt; <a href=\"https:\/\/www.news.de\/gesundheit\/858389447\/klinik-ranking-in-deutschland-im-mai-2025-beste-kliniken-mit-hohen-pflegestandards-und-fallzahlen\/1\/\" target=\"_blank\" rel=\"nofollow noopener\"><strong>Pflegenotstand in Deutschland im Mai 2025: Warum ist Hamburg Vorreiter und das Universit\u00e4tsklinikum T\u00fcbingen Spitzenreiter?<\/strong><\/a> <\/p>\n<p>Symptome aktuell: Durchfall r\u00fcckl\u00e4ufig \u2013 Ohrenschmerzen mit st\u00e4rkstem Anstieg<\/p>\n<p>Laut den Daten des Patientenservice verzeichnen <strong>Durchfall<\/strong> im Moment den deutlichsten R\u00fcckgang: Im Vergleich zur Vorwoche sank die Zahl der Meldungen um <strong>11.3%<\/strong> auf <strong>2.794<\/strong> F\u00e4lle.<\/p>\n<p>Im Gegensatz dazu stiegen die Beschwerden \u00fcber <strong>Ohrenschmerzen<\/strong> deutlich an. Hier wurde ein Zuwachs von <strong>6.1%<\/strong> gemeldet \u2013 der st\u00e4rkste Anstieg unter allen Symptomen. Insgesamt registrierte der Patientenservice <strong>2.662<\/strong> Anrufe zu diesem Beschwerdebild in Kalenderwoche 31.  <\/p>\n<p>Laut <a href=\"https:\/\/www.deine-gesundheitswelt.de\/balance-ernaehrung\/ohrengesundheit\" target=\"_blank\" rel=\"nofollow noopener\"><strong>\u201eDeine Gesundheitswelt\u201c<\/strong><\/a> kann der aktuelle Anstieg von Ohrenschmerzen mit dem feuchten, wechselhaften Wetter zusammenh\u00e4ngen. Erk\u00e4ltungen treten h\u00e4ufiger auf und f\u00fchren zu Schleimhautschwellungen, die den Druckausgleich im Ohr st\u00f6ren. Auch unsachgem\u00e4\u00dfe Ohrenhygiene kann das Risiko erh\u00f6hen. Zur Vorbeugung <a href=\"https:\/\/www.deine-gesundheitswelt.de\/balance-ernaehrung\/ohrengesundheit\" target=\"_blank\" rel=\"nofollow noopener\"><strong>r\u00e4t die AOK<\/strong><\/a>, auf Wattest\u00e4bchen zu verzichten und bei Erk\u00e4ltungen die Nase regelm\u00e4\u00dfig zu befreien.  <\/p>\n<\/p>\n<p><strong>Sollten Sie eines dieser Symptome aufweisen, wenden Sie sich bei Bedenken an Ihren Arzt oder den Patientenservice unter der Nummer 116 117.<\/strong> Diese bietet au\u00dferdem Hilfe bei stress-, angst- oder depressionsbedingten Symptome. <a href=\"https:\/\/online.telefonseelsorge.de\/\" target=\"_blank\" rel=\"nofollow noopener\"><strong>Zus\u00e4tzlich steht die Telefonseelsorge rund um die Uhr kostenfrei und anonym<\/strong><\/a> unter <strong>den Telefonnummern 0800 \/ 111 0 111 und 0800 \/ 111 0 222<\/strong> zur Verf\u00fcgung.  <\/p>\n<p>Folgen Sie <a href=\"https:\/\/news.de\/\" rel=\"nofollow noopener\" target=\"_blank\"><strong>News.de<\/strong><\/a> schon bei <a href=\"https:\/\/www.whatsapp.com\/channel\/0029Va8YJU64dTnSU80eqh2b\" rel=\"nofollow noopener\" target=\"_blank\"><strong>WhatsApp<\/strong><\/a>, <a href=\"https:\/\/www.facebook.com\/News.de\" rel=\"nofollow noopener\" target=\"_blank\"><strong>Facebook<\/strong><\/a>, <a href=\"https:\/\/twitter.com\/news_de\" rel=\"nofollow noopener\" target=\"_blank\"><strong>Twitter<\/strong><\/a>, <a href=\"https:\/\/www.pinterest.de\/newsde\/\" rel=\"nofollow noopener\" target=\"_blank\"><strong>Pinterest<\/strong><\/a> und <a href=\"https:\/\/www.youtube.com\/channel\/UCOzsvCb0KteNrzUboTonVYA\" rel=\"nofollow noopener\" target=\"_blank\"><strong>YouTube<\/strong><\/a>? Hier finden Sie brandhei\u00dfe News, aktuelle Videos und den direkten Draht zur Redaktion.  <\/p>\n<p>+++Dieser Text wurde auf der Basis der Daten der SmED generiert und wird datengetrieben aktualisiert. Bei Anmerkungen und R\u00fcckmeldungen k\u00f6nnen Sie uns diese unter\u00a0hinweis@news.de\u00a0mitteilen. +++<\/p>\n<p><a href=\"https:\/\/www.news.de\/autor\/Lucas+Meyer\/\" rel=\"author nofollow noopener\" target=\"_blank\">mel<\/a>\/roj\/news.de<\/p>\n<p>                    <script async src=\"https:\/\/platform.twitter.com\/widgets.js\" charset=\"utf-8\"><\/script><\/p>\n","protected":false},"excerpt":{"rendered":"Magen-Darm-Beschwerden in Kalenderwoche 31 am st\u00e4rksten verbreitet mit 7.375 Meldungen Ohrenschmerzen nehmen um 6.1% zu Durchfall schwachen um&hellip;\n","protected":false},"author":2,"featured_media":315388,"comment_status":"","ping_status":"","sticky":false,"template":"","format":"standard","meta":{"footnotes":""},"categories":[137],"tags":[29,30,141,232],"class_list":{"0":"post-333218","1":"post","2":"type-post","3":"status-publish","4":"format-standard","5":"has-post-thumbnail","7":"category-gesundheit","8":"tag-deutschland","9":"tag-germany","10":"tag-gesundheit","11":"tag-health"},"share_on_mastodon":{"url":"https:\/\/pubeurope.com\/@de\/115003136668856208","error":""},"_links":{"self":[{"href":"https:\/\/www.europesays.com\/de\/wp-json\/wp\/v2\/posts\/333218","targetHints":{"allow":["GET"]}}],"collection":[{"href":"https:\/\/www.europesays.com\/de\/wp-json\/wp\/v2\/posts"}],"about":[{"href":"https:\/\/www.europesays.com\/de\/wp-json\/wp\/v2\/types\/post"}],"author":[{"embeddable":true,"href":"https:\/\/www.europesays.com\/de\/wp-json\/wp\/v2\/users\/2"}],"replies":[{"embeddable":true,"href":"https:\/\/www.europesays.com\/de\/wp-json\/wp\/v2\/comments?post=333218"}],"version-history":[{"count":0,"href":"https:\/\/www.europesays.com\/de\/wp-json\/wp\/v2\/posts\/333218\/revisions"}],"wp:featuredmedia":[{"embeddable":true,"href":"https:\/\/www.europesays.com\/de\/wp-json\/wp\/v2\/media\/315388"}],"wp:attachment":[{"href":"https:\/\/www.europesays.com\/de\/wp-json\/wp\/v2\/media?parent=333218"}],"wp:term":[{"taxonomy":"category","embeddable":true,"href":"https:\/\/www.europesays.com\/de\/wp-json\/wp\/v2\/categories?post=333218"},{"taxonomy":"post_tag","embeddable":true,"href":"https:\/\/www.europesays.com\/de\/wp-json\/wp\/v2\/tags?post=333218"}],"curies":[{"name":"wp","href":"https:\/\/api.w.org\/{rel}","templated":true}]}}