{"id":333562,"date":"2025-08-10T10:06:12","date_gmt":"2025-08-10T10:06:12","guid":{"rendered":"https:\/\/www.europesays.com\/de\/333562\/"},"modified":"2025-08-10T10:06:12","modified_gmt":"2025-08-10T10:06:12","slug":"tsunami-von-hitze-werden-die-europaeischen-staedte-unbewohnbar","status":"publish","type":"post","link":"https:\/\/www.europesays.com\/de\/333562\/","title":{"rendered":"&#8222;Tsunami von Hitze&#8220;: Werden die europ\u00e4ischen St\u00e4dte unbewohnbar?"},"content":{"rendered":"<p>          <img decoding=\"async\" class=\"c-ad__placeholder__logo\" src=\"https:\/\/static.euronews.com\/website\/images\/logos\/logo-euronews-stacked-outlined-72x72-grey-9.svg\" width=\"72\" height=\"72\" alt=\"\" loading=\"lazy\"\/><br \/>\n          WERBUNG<\/p>\n<p>Der Sommer 2025 war erneut von mehreren aufeinanderfolgenden Hitzewellen gepr\u00e4gt, unter denen weite Teile Europas gelitten haben.<\/p>\n<p>Nirgendwo sind die Auswirkungen dieses extremen Wetters so stark wie in den europ\u00e4ischen St\u00e4dten. Dies ist auf den Effekt der sogenannten st\u00e4dtischen W\u00e4rmeinsel (Urban Heat Island, UHI) zur\u00fcckzuf\u00fchren, der die Temperaturen im Vergleich zu den umliegenden (l\u00e4ndlichen) Gebieten erheblich ansteigen l\u00e4sst und so die Hitzewellen verst\u00e4rkt.<\/p>\n<p>&#8222;Dieser urbane W\u00e4rmeinseleffekt wirkt sich auf St\u00e4dte in ganz Europa aus und f\u00fchrt dazu, dass die Temperaturen in den St\u00e4dten um zwei, drei, manchmal sogar vier Grad w\u00e4rmer sind als auf dem Land&#8220;, sagte Niels Souverijns, Klimaexperte am VITO in Belgien, gegen\u00fcber Euronews.<\/p>\n<p>Daten der Gemeinsamen Forschungsstelle der Europ\u00e4ischen Kommission zeigen, dass die Oberfl\u00e4chentemperaturen in St\u00e4dten im Sommer manchmal bis zu 10-15\u00b0C h\u00f6her waren als in ihrer l\u00e4ndlichen Umgebung.<\/p>\n<p>Zahlen sind besorgniserregend<\/p>\n<p>Diese Zahlen sind besonders besorgniserregend angesichts der gro\u00dfen Zahl der betroffenen Menschen. Nahezu 40 Prozent der Gesamtbev\u00f6lkerung Europas lebt in St\u00e4dten, w\u00e4hrend etwa 70 Prozent in st\u00e4dtischen Gebieten ans\u00e4ssig sind.<\/p>\n<p>Das Ph\u00e4nomen stellt f\u00fcr die Stadtverwaltungen in ganz Europa ein gro\u00dfes Gesundheitsproblem dar. Eine Studie der NOVA National School of Public Health in Portugal ergab, dass die Zahl der Krankenhauseinweisungen an Hitzetagen im Vergleich zum Ausgangswert um 18,9 Prozent anstieg und die Gesundheitssysteme belastete.<\/p>\n<p>Besonders gef\u00e4hrdet sind anf\u00e4llige Gruppen wie \u00e4ltere Menschen und Kleinkinder. &#8222;Vor allem \u00e4ltere Menschen mit gesundheitlichen Vorbelastungen wie Atemwegs- oder Herz-Kreislauf-Erkrankungen sind am st\u00e4rksten betroffen&#8220;, so Souverijns.<\/p>\n<p>Da sich das Ph\u00e4nomen nachts am st\u00e4rksten auswirkt, k\u00fchlen sich die Menschen vor dem Schlafengehen nicht richtig ab, was ebenfalls negative Auswirkungen auf die Gesundheit hat.<\/p>\n<p>Dschungel aus Beton<\/p>\n<p>Dieser <a href=\"https:\/\/de.euronews.com\/green\/2025\/07\/07\/europas-heisse-sommer-werden-langer-in-athen-und-tirana-dauert-die-hitze-jetzt-bis-zu-5-mo\" target=\"_blank\" rel=\"noopener\"><strong>urbane W\u00e4rmeinseleffekt<\/strong><\/a> ist das Ergebnis mehrerer Faktoren, die von der weit verbreiteten Verwendung von Materialien \u00fcber die Konzentration von Geb\u00e4uden bis hin zum starken Verkehr reichen.<\/p>\n<p>&#8222;Die Tatsache, dass es in der Stadt w\u00e4rmer ist als im Umland, ist auf die in der Stadt verwendeten Materialien zur\u00fcckzuf\u00fchren&#8220;, erkl\u00e4rte der Klimawissenschaftler Wim Thiery (VUB) gegen\u00fcber Euronews. Dazu geh\u00f6ren Asphalt und Zement, die &#8222;bei Sonneneinstrahlung W\u00e4rme aufnehmen, speichern und nachts wieder abstrahlen&#8220;.<\/p>\n<p>Infolgedessen ist die H\u00f6chsttemperatur in den St\u00e4dten tags\u00fcber w\u00e4rmer, aber nachts k\u00fchlt die Temperatur auch weniger ab.<\/p>\n<p>Hohe Geb\u00e4ude und enge Stra\u00dfen tragen ebenfalls zu diesem Ph\u00e4nomen bei, da sie die Luft aufheizen, die zwischen den Geb\u00e4uden eingeschlossen wird, und so den nat\u00fcrlichen Windstrom blockieren, der sonst zur Abk\u00fchlung der Luft beitragen w\u00fcrde.<\/p>\n<p>In vielen St\u00e4dten ist dies besonders in \u00e4rmeren Stadtgebieten der Fall, die durch eine dichte und manchmal ungeregelte Bebauung gekennzeichnet sind. In Verbindung mit schlechten Wohnverh\u00e4ltnissen, mangelnder Isolierung und eingeschr\u00e4nktem Zugang zu K\u00fchlm\u00f6glichkeiten wie Gr\u00fcnfl\u00e4chen macht dieser Faktor den st\u00e4dtischen W\u00e4rmeinseleffekt zu einem sozio\u00f6konomischen Problem.<\/p>\n<p>Verkehrsaufkommen hat ebenfalls Einfluss<\/p>\n<p>&#8222;In den reicheren Vierteln au\u00dferhalb der Stadtzentren gibt es in der Regel mehr Gr\u00fcnfl\u00e4chen&#8220;, so Thiery. Dies ist zum Beispiel in Br\u00fcssel der Fall, wo das Wohlstandsgef\u00e4lle stark mit dem Zugang zu Naturgebieten korreliert, wobei die \u00c4rmsten unter einem akuten Mangel an B\u00e4umen und Parks leiden.<\/p>\n<p>Souverijns merkte an, dass das Ausma\u00df der st\u00e4dtischen W\u00e4rmeinsel stark mit der Gr\u00f6\u00dfe der St\u00e4dte und der Menge an Beton und Geb\u00e4uden zusammenh\u00e4ngt, die sich dort befinden. &#8222;Gr\u00f6\u00dfere St\u00e4dte, die mehr Beton und mehr Geb\u00e4ude haben, sind tendenziell st\u00e4rker betroffen.<\/p>\n<p>Schlie\u00dflich hat auch das Verkehrsaufkommen in einer Stadt einen Einfluss. Die von Autos verursachte Verschmutzung kann zum Beispiel als eine Art Treibhausgasschicht \u00fcber einer Stadt wirken und hei\u00dfe Luft einschlie\u00dfen.<\/p>\n<p>Gr\u00fcne L\u00f6sungen<\/p>\n<p>Der Klimawissenschaftler Wim Thiery betonte, dass sich der st\u00e4dtische W\u00e4rmeinseleffekt in Zukunft voraussichtlich noch verst\u00e4rken wird. &#8222;Aufgrund des Klimawandels steigen die Temperaturen um mehr als die durchschnittliche Temperatur von 2\u00b0C im Allgemeinen, wobei die Hitzetage in Europa um 4\u00b0C w\u00e4rmer sind&#8220;, erkl\u00e4rte er gegen\u00fcber Euronews.<\/p>\n<p>Die St\u00e4dte k\u00f6nnen jedoch eine Reihe von Ma\u00dfnahmen ergreifen, um dem st\u00e4dtischen W\u00e4rmeinseleffekt entgegenzuwirken. Dazu geh\u00f6ren die Schaffung von Windkorridoren zur Bel\u00fcftung, die Gestaltung von begr\u00fcnten D\u00e4chern und Fassaden f\u00fcr Geb\u00e4ude, die Anpflanzung von mehr Vegetation und eine bessere Wassernutzung.<\/p>\n<p>&#8222;Im Grunde genommen m\u00fcssen wir die St\u00e4dte so umgestalten, dass so viel Beton wie m\u00f6glich entfernt wird&#8220;, so Souverijns.<\/p>\n<p>Die Region Br\u00fcssel ist im Vergleich zu anderen belgischen Gemeinden besonders anf\u00e4llig f\u00fcr Hitzewellen. Der Unterschied kann bis zu 10\u00b0 im Vergleich zu l\u00e4ndlichen Gebieten betragen.<\/p>\n<p>Eine ihrer 19 Gemeinden, die Stadt Br\u00fcssel, stellt den Einwohnern zus\u00e4tzliche Informationen \u00fcber Vorsichtsma\u00dfnahmen oder Verhaltensweisen zur Verf\u00fcgung, die an hei\u00dfen Tagen am besten anzuwenden sind, u. a. durch interaktive Karten, mit denen sie Trinkwasserstellen, Museen, Brunnen, schattige Gr\u00fcnfl\u00e4chen und andere Orte finden k\u00f6nnen, an denen sie sich vor der Hitze sch\u00fctzen k\u00f6nnen.<\/p>\n<p>&#8222;Strukturell sind wir nat\u00fcrlich bestrebt, unser Lebensumfeld physisch anzupassen und zu verbessern, indem wir B\u00e4ume pflanzen, Oberfl\u00e4chen aufweichen, Pl\u00e4tze und Stra\u00dfen schattiger und gr\u00fcner machen, Wasser in die Stadt bringen und gr\u00fcn-blaue Netzwerke schaffen&#8220;, sagte Frederik Ceulemans, Beigeordneter f\u00fcr Klima in der Stadt Br\u00fcssel, gegen\u00fcber Euronews.<\/p>\n<p>&#8222;Es gibt zus\u00e4tzliche Ma\u00dfnahmen, die wir bald testen wollen, wie zum Beispiel schattige Strukturen, ob vor\u00fcbergehend oder dauerhaft.&#8220;<\/p>\n<p>Anpassung allein ist unzureichend<\/p>\n<p>Beide Experten sind sich jedoch einig, dass Anpassung allein nicht ausreicht. &#8222;Wir m\u00fcssen realistisch sein, dass die Auswirkungen der Anpassung begrenzt sind. Ganz lokal, wo B\u00e4ume gepflanzt werden, kann die Wirkung sp\u00fcrbar sein, aber eine Stra\u00dfe weiter wird es wieder w\u00e4rmer sein&#8220;, so Thiery.<\/p>\n<p>Das ist die Realit\u00e4t in den St\u00e4dten: In dicht besiedelten Vierteln gibt es keinen Platz f\u00fcr ausreichende Gr\u00fcnfl\u00e4chen.<\/p>\n<p>Er f\u00fcgte hinzu, dass die Beh\u00f6rden, wenn sie dieses Problem stoppen wollen, die Abschw\u00e4chung in den Vordergrund stellen m\u00fcssen. Dies wurde auch von Souverijns best\u00e4tigt. &#8222;Der st\u00e4dtische W\u00e4rmeinseleffekt wird sich in Zukunft mit dem Klimawandel noch verst\u00e4rken. Deshalb ist es auch wichtig, unsere Emissionen so schnell wie m\u00f6glich zu reduzieren.&#8220;<\/p>\n<p>In der Stadt Br\u00fcssel liegt der Schwerpunkt auf der nachhaltigen Renovierung von Geb\u00e4uden, die f\u00fcr 60 Prozent der CO2-Emissionen in der Region verantwortlich sind, sowie auf nachhaltigen Pl\u00e4nen f\u00fcr Mobilit\u00e4t und Energie. Die Region hat sich zum Ziel gesetzt, die CO2-Emissionen bis 2030 um 55 Prozent zu senken und bis 2050 klimaneutral zu werden.<\/p>\n<p>Wenn die CO2-Emissionen nicht auf Null gesenkt werden, warnen Experten, dass ein &#8222;Tsunami von Hitze&#8220; \u00fcber die St\u00e4dte hereinbrechen wird, die dann unbewohnbar werden k\u00f6nnten.<\/p>\n<p>&#8222;Wir sehen diese Art von unbewohnbaren St\u00e4dten bereits, vor allem in Indien und in L\u00e4ndern in der N\u00e4he des \u00c4quators. Hier haben die Menschen M\u00fche, in der Stadt zu leben und ihren t\u00e4glichen Gesch\u00e4ften nachzugehen&#8220;, so Souverijns.<\/p>\n","protected":false},"excerpt":{"rendered":"WERBUNG Der Sommer 2025 war erneut von mehreren aufeinanderfolgenden Hitzewellen gepr\u00e4gt, unter denen weite Teile Europas gelitten haben.&hellip;\n","protected":false},"author":2,"featured_media":333563,"comment_status":"","ping_status":"","sticky":false,"template":"","format":"standard","meta":{"footnotes":""},"categories":[3933],"tags":[331,332,548,663,158,3934,3935,13,18113,952,14,15,12],"class_list":{"0":"post-333562","1":"post","2":"type-post","3":"status-publish","4":"format-standard","5":"has-post-thumbnail","7":"category-eu","8":"tag-aktuelle-nachrichten","9":"tag-aktuelle-news","10":"tag-eu","11":"tag-europa","12":"tag-europaeische-union","13":"tag-europe","14":"tag-european-union","15":"tag-headlines","16":"tag-hitzewelle","17":"tag-klimawandel","18":"tag-nachrichten","19":"tag-news","20":"tag-schlagzeilen"},"share_on_mastodon":{"url":"https:\/\/pubeurope.com\/@de\/115003915199734849","error":""},"_links":{"self":[{"href":"https:\/\/www.europesays.com\/de\/wp-json\/wp\/v2\/posts\/333562","targetHints":{"allow":["GET"]}}],"collection":[{"href":"https:\/\/www.europesays.com\/de\/wp-json\/wp\/v2\/posts"}],"about":[{"href":"https:\/\/www.europesays.com\/de\/wp-json\/wp\/v2\/types\/post"}],"author":[{"embeddable":true,"href":"https:\/\/www.europesays.com\/de\/wp-json\/wp\/v2\/users\/2"}],"replies":[{"embeddable":true,"href":"https:\/\/www.europesays.com\/de\/wp-json\/wp\/v2\/comments?post=333562"}],"version-history":[{"count":0,"href":"https:\/\/www.europesays.com\/de\/wp-json\/wp\/v2\/posts\/333562\/revisions"}],"wp:featuredmedia":[{"embeddable":true,"href":"https:\/\/www.europesays.com\/de\/wp-json\/wp\/v2\/media\/333563"}],"wp:attachment":[{"href":"https:\/\/www.europesays.com\/de\/wp-json\/wp\/v2\/media?parent=333562"}],"wp:term":[{"taxonomy":"category","embeddable":true,"href":"https:\/\/www.europesays.com\/de\/wp-json\/wp\/v2\/categories?post=333562"},{"taxonomy":"post_tag","embeddable":true,"href":"https:\/\/www.europesays.com\/de\/wp-json\/wp\/v2\/tags?post=333562"}],"curies":[{"name":"wp","href":"https:\/\/api.w.org\/{rel}","templated":true}]}}