{"id":333999,"date":"2025-08-10T14:03:16","date_gmt":"2025-08-10T14:03:16","guid":{"rendered":"https:\/\/www.europesays.com\/de\/333999\/"},"modified":"2025-08-10T14:03:16","modified_gmt":"2025-08-10T14:03:16","slug":"trumps-wirtschaftspolitik-droht-amerika-die-rezession","status":"publish","type":"post","link":"https:\/\/www.europesays.com\/de\/333999\/","title":{"rendered":"Trumps Wirtschaftspolitik: Droht Amerika die Rezession?"},"content":{"rendered":"<p>FAZ+Trumps Wirtschaftspolitik : <\/p>\n<p>Droht Amerika die Rezession?<\/p>\n<p>10.08.2025, 10:29Lesezeit: 7 Min.<\/p>\n<p><img decoding=\"async\" alt=\"D\u00fcstere Stimmung \u00fcber New York: Pr\u00e4sident Trumps Zollpolitik und die Jagd auf illegale Einwanderer k\u00f6nnten den USA Inflation und Rezession bringen.\" fetchpriority=\"high\" height=\"2000\" loading=\"eager\"  src=\"https:\/\/www.europesays.com\/de\/wp-content\/uploads\/2025\/08\/duestere-stimmung-in-new-york-aussichten-auf-rezession.jpg\" width=\"3000\" class=\"flex h-auto w-full\" tabindex=\"0\" data-selector=\"header-teaser-image\"\/>Bildbeschreibung ausklappen<\/p>\n<p>D\u00fcstere Stimmung \u00fcber New York: Pr\u00e4sident Trumps Zollpolitik und die Jagd auf illegale Einwanderer k\u00f6nnten den USA Inflation und Rezession bringen.Reuters<\/p>\n<p class=\"xs:p1-intro sm:p1-intro-medium flex items-start gap-[10px] pb-[30px]\" data-external-selector=\"header-teaser\">Z\u00f6lle, Abschiebungen von illegalen Migranten und ein Technologieaufschwung bestimmen die Lage der Wirtschaft. Dazu kommt die Unsicherheit, was der Pr\u00e4sident als N\u00e4chstes anstellt.<\/p>\n","protected":false},"excerpt":{"rendered":"FAZ+Trumps Wirtschaftspolitik : Droht Amerika die Rezession? 10.08.2025, 10:29Lesezeit: 7 Min. Bildbeschreibung ausklappen D\u00fcstere Stimmung \u00fcber New York:&hellip;\n","protected":false},"author":2,"featured_media":334000,"comment_status":"","ping_status":"","sticky":false,"template":"","format":"standard","meta":{"footnotes":""},"categories":[3977],"tags":[331,332,13,14,15,12,4017,4018,4016,64,4019,4020],"class_list":{"0":"post-333999","1":"post","2":"type-post","3":"status-publish","4":"format-standard","5":"has-post-thumbnail","7":"category-usa","8":"tag-aktuelle-nachrichten","9":"tag-aktuelle-news","10":"tag-headlines","11":"tag-nachrichten","12":"tag-news","13":"tag-schlagzeilen","14":"tag-united-states","15":"tag-united-states-of-america","16":"tag-us","17":"tag-usa","18":"tag-vereinigte-staaten","19":"tag-vereinigte-staaten-von-amerika"},"share_on_mastodon":{"url":"https:\/\/pubeurope.com\/@de\/115004847350865371","error":""},"_links":{"self":[{"href":"https:\/\/www.europesays.com\/de\/wp-json\/wp\/v2\/posts\/333999","targetHints":{"allow":["GET"]}}],"collection":[{"href":"https:\/\/www.europesays.com\/de\/wp-json\/wp\/v2\/posts"}],"about":[{"href":"https:\/\/www.europesays.com\/de\/wp-json\/wp\/v2\/types\/post"}],"author":[{"embeddable":true,"href":"https:\/\/www.europesays.com\/de\/wp-json\/wp\/v2\/users\/2"}],"replies":[{"embeddable":true,"href":"https:\/\/www.europesays.com\/de\/wp-json\/wp\/v2\/comments?post=333999"}],"version-history":[{"count":0,"href":"https:\/\/www.europesays.com\/de\/wp-json\/wp\/v2\/posts\/333999\/revisions"}],"wp:featuredmedia":[{"embeddable":true,"href":"https:\/\/www.europesays.com\/de\/wp-json\/wp\/v2\/media\/334000"}],"wp:attachment":[{"href":"https:\/\/www.europesays.com\/de\/wp-json\/wp\/v2\/media?parent=333999"}],"wp:term":[{"taxonomy":"category","embeddable":true,"href":"https:\/\/www.europesays.com\/de\/wp-json\/wp\/v2\/categories?post=333999"},{"taxonomy":"post_tag","embeddable":true,"href":"https:\/\/www.europesays.com\/de\/wp-json\/wp\/v2\/tags?post=333999"}],"curies":[{"name":"wp","href":"https:\/\/api.w.org\/{rel}","templated":true}]}}