{"id":334296,"date":"2025-08-10T16:42:17","date_gmt":"2025-08-10T16:42:17","guid":{"rendered":"https:\/\/www.europesays.com\/de\/334296\/"},"modified":"2025-08-10T16:42:17","modified_gmt":"2025-08-10T16:42:17","slug":"erleichterung-in-bochum-holtmann-rasiert-elversberg-sport","status":"publish","type":"post","link":"https:\/\/www.europesays.com\/de\/334296\/","title":{"rendered":"Erleichterung in Bochum: Holtmann rasiert Elversberg | Sport"},"content":{"rendered":"<p>Aufatmen \u201eanne Castroper\u201c \u2013  Fehlstart abgewendet. Einer Woche nach der bitteren Auftakt-Pleite (1:4) bei Darmstadt 98 hat Erstliga-Absteiger Bochum wieder in die Spur gefunden. Vor allem einer sorgte dabei f\u00fcr die Wende..<\/p>\n<p>Auch interessant<\/p>\n<p>Anzeige<\/p>\n<p>Auch interessant<\/p>\n<p>Anzeige<\/p>\n<p><b>Erleichterung beim VfL. Holtmann rasiert Elversberg.<\/b><\/p>\n<p>Fakt ist: G\u00e4ste-Coach Vincent Wagner (39) kann \u2013 wenn er will \u2013 wieder einen Termin bei seinem Fris\u00f6r machen. \u201eIch lasse mir erst die Haare schneiden, wenn wir ein Spiel verloren haben\u201c, hatte der neue Mann mit Matte an Elversbergs Seitenlinie nach dem Last-Minute-Sieg \u00fcber N\u00fcrnberg (1:0) vergangene Woche vor laufenden TV-Kameras noch get\u00f6nt.<\/p>\n<p><b>Na dann \u2013 holt schon mal die Schere raus&#8230;<\/b><\/p>\n<p>Mit 0:2 gab&#8217;s f\u00fcr seine Jungs trotz gro\u00dfer Gegenwehr eine letztlich verdiente 0:2-Niederlage. Was zum einen damit zu tun hatte, dass das Wagner-Team bereits nach sechs Minuten und Ampelkarte f\u00fcr Jan Gyamerah (30) in Unterzahl war.<\/p>\n<p><img decoding=\"async\" width=\"992\" height=\"558\" alt=\"Elversberg-Coach Vincent Wagner kann nach der Pleite beim VfL seine Matte wieder stutzen lassen...\" src=\"https:\/\/www.europesays.com\/de\/wp-content\/uploads\/2025\/08\/a24ea985fb4ff72ecdc4f36ea6298fef,2157d91a\"   class=\"landscape\" loading=\"lazy\"\/><\/p>\n<p class=\"fig__caption__text\">Elversberg-Coach Vincent Wagner kann nach der Pleite beim VfL seine Matte wieder stutzen lassen&#8230;<\/p>\n<p>Foto: picture alliance\/dpa<\/p>\n<p><b>Zum anderen lag&#8217;s an Bochums Fl\u00fcgelflitzer Gerrit Holtmann (30). Hatte sich der VfL im ersten Durchgang trotz zahlenm\u00e4\u00dfiger \u00dcberlegenheit extrem schwergetan, sorgten die Einwechsler  Koji Miyoshi (28) und eben Holtmann f\u00fcr frischen Wind. Pl\u00f6tzlich drehte der Pott-Club immer mehr auf, gl\u00e4nzte vor allem Holtmann mit seinem Tempo und seinen tiefen L\u00e4ufen.<\/b><\/p>\n<p>Die Folge: Nach dem dritten Eckball von Maximilian Wittek (29) staubte Ibrahima Sissoko (27) in der 66. Minute zur umjubelten F\u00fchrung ab. Endlich \u2013 der Bochumer Bann war gebrochen. Und Chefcoach Dieter Hecking (60), zwischenzeitlich schon wegen lautstarker Meckerei von Schiedsrichter Lukas Benen (32) mit Gelb verwarnt, konnte wieder etwas runterfahren. <\/p>\n<p><b>Um in der Nachspielzeit dann endg\u00fcltig die Arme wieder hochzurei\u00dfen. Weil Holtmann sich auf der linken Seite ein Herz nahm und die Kugel mit vollem Wumms aus 17 Metern \u00fcber die F\u00e4uste Elversbergs Keeper Nicolas Kristof (25) hinweg in die Maschen h\u00e4mmerte. <\/b><\/p>\n<p>Das 2:0 (90.+1) \u2013 Deckel drauf. Der erste \u201eDreier\u201c der jungen Saison, dem im n\u00e4chsten Liga-Spiel bei Revier-Rivale Schalke (Sa.,\/23.8.\/20:30 Uhr) der zweite folgen soll&#8230;<\/p>\n","protected":false},"excerpt":{"rendered":"Aufatmen \u201eanne Castroper\u201c \u2013 Fehlstart abgewendet. Einer Woche nach der bitteren Auftakt-Pleite (1:4) bei Darmstadt 98 hat Erstliga-Absteiger&hellip;\n","protected":false},"author":2,"featured_media":334297,"comment_status":"","ping_status":"","sticky":false,"template":"","format":"standard","meta":{"footnotes":"","_share_on_mastodon":"0"},"categories":[1839],"tags":[7507,3364,29,30,17897,35338,89456,91498,1209,35339,7656,819,7657,5079,45,8173,35337,784],"class_list":["post-334296","post","type-post","status-publish","format-standard","has-post-thumbnail","category-bochum","tag-bochum","tag-de","tag-deutschland","tag-germany","tag-hecking-dieter","tag-hofmann-philipp","tag-holtmann-gerrit","tag-horn-timo","tag-nordrhein-westfalen","tag-rewirpowerstadion","tag-schuth-joachim","tag-sport-leuchtturm-essen","tag-sport-bild","tag-sv-elversberg","tag-texttospeech","tag-vfl-bochum","tag-zoller-simon","tag-zweite-bundesliga"],"share_on_mastodon":{"url":"https:\/\/pubeurope.com\/@de\/115005472670332140","error":""},"_links":{"self":[{"href":"https:\/\/www.europesays.com\/de\/wp-json\/wp\/v2\/posts\/334296","targetHints":{"allow":["GET"]}}],"collection":[{"href":"https:\/\/www.europesays.com\/de\/wp-json\/wp\/v2\/posts"}],"about":[{"href":"https:\/\/www.europesays.com\/de\/wp-json\/wp\/v2\/types\/post"}],"author":[{"embeddable":true,"href":"https:\/\/www.europesays.com\/de\/wp-json\/wp\/v2\/users\/2"}],"replies":[{"embeddable":true,"href":"https:\/\/www.europesays.com\/de\/wp-json\/wp\/v2\/comments?post=334296"}],"version-history":[{"count":0,"href":"https:\/\/www.europesays.com\/de\/wp-json\/wp\/v2\/posts\/334296\/revisions"}],"wp:featuredmedia":[{"embeddable":true,"href":"https:\/\/www.europesays.com\/de\/wp-json\/wp\/v2\/media\/334297"}],"wp:attachment":[{"href":"https:\/\/www.europesays.com\/de\/wp-json\/wp\/v2\/media?parent=334296"}],"wp:term":[{"taxonomy":"category","embeddable":true,"href":"https:\/\/www.europesays.com\/de\/wp-json\/wp\/v2\/categories?post=334296"},{"taxonomy":"post_tag","embeddable":true,"href":"https:\/\/www.europesays.com\/de\/wp-json\/wp\/v2\/tags?post=334296"}],"curies":[{"name":"wp","href":"https:\/\/api.w.org\/{rel}","templated":true}]}}