{"id":334999,"date":"2025-08-10T23:17:11","date_gmt":"2025-08-10T23:17:11","guid":{"rendered":"https:\/\/www.europesays.com\/de\/334999\/"},"modified":"2025-08-10T23:17:11","modified_gmt":"2025-08-10T23:17:11","slug":"antenne-nrw-verkehrsunfall-zwischen-zwei-pkw-in-moenchengladbach","status":"publish","type":"post","link":"https:\/\/www.europesays.com\/de\/334999\/","title":{"rendered":"ANTENNE NRW &#8211; Verkehrsunfall zwischen zwei PKW in M\u00f6nchengladbach"},"content":{"rendered":"<p> Verkehrsunfall zwischen zwei PKW in M\u00f6nchengladbach <\/p>\n<p>Am 10. August 2025, um 15:20 Uhr, kam es auf der Hohenzollernstra\u00dfe in M\u00f6nchengladbach zu einem Verkehrsunfall zwischen zwei PKW. Der Notruf wurde \u00fcber ein im Fahrzeug integriertes E-Call-System abgesetzt und erreichte die Leitstelle der Feuerwehr.<\/p>\n<p>Vor Ort best\u00e4tigte sich die Meldung: Es waren tats\u00e4chlich zwei Fahrzeuge verungl\u00fcckt. Der Rettungsdienst k\u00fcmmerte sich um drei verletzte Personen, die anschlie\u00dfend in umliegende Krankenh\u00e4user transportiert wurden. Weitere Ma\u00dfnahmen seitens der Feuerwehr waren nicht erforderlich.<\/p>\n<p>Im Einsatz waren der Hilfeleistungszug der Feuer- und Rettungswache I sowie mehrere Rettungsfahrzeuge und ein Notarzteinsatzfahrzeug. Die Feuerwehr stand unter der Leitung eines Brandamtmanns.<\/p>\n<p>F\u00fcr R\u00fcckfragen k\u00f6nnen Sie sich an die Stadt M\u00f6nchengladbach, Fachbereich 37 \u2013 Feuerwehr, F\u00fchrungs- und Lagezentrum, wenden:<\/p>\n<ul>\n<li>Telefon: 02166\/9989-0<\/li>\n<li>Fax: 02166\/9989-37729<\/li>\n<li>E-Mail: leitstelle.feuerwehr@moenchengladbach.de<\/li>\n<li>Webseite: www.feuerwehr-mg.de<\/li>\n<\/ul>\n<p> Kontakt f\u00fcr Hinweise \/ Pressestelle <\/p>\n<p>Stadt M\u00f6nchengladbach \u2013 Feuerwehr<br \/>02166\/9989-0<br \/>leitstelle.feuerwehr@moenchengladbach.de<\/p>\n<blockquote class=\"wp-embedded-content\" data-secret=\"2vXTUUEeWG\">\n<p><a href=\"https:\/\/www.feuerwehr-mg.de\/\" target=\"_blank\" rel=\"noopener\">Start<\/a><\/p>\n<\/blockquote>\n","protected":false},"excerpt":{"rendered":"Verkehrsunfall zwischen zwei PKW in M\u00f6nchengladbach Am 10. August 2025, um 15:20 Uhr, kam es auf der Hohenzollernstra\u00dfe&hellip;\n","protected":false},"author":2,"featured_media":335000,"comment_status":"","ping_status":"","sticky":false,"template":"","format":"standard","meta":{"footnotes":""},"categories":[1849],"tags":[3364,29,548,663,3934,30,13,4455,14,15,1209,12],"class_list":{"0":"post-334999","1":"post","2":"type-post","3":"status-publish","4":"format-standard","5":"has-post-thumbnail","7":"category-moenchengladbach","8":"tag-de","9":"tag-deutschland","10":"tag-eu","11":"tag-europa","12":"tag-europe","13":"tag-germany","14":"tag-headlines","15":"tag-moenchengladbach","16":"tag-nachrichten","17":"tag-news","18":"tag-nordrhein-westfalen","19":"tag-schlagzeilen"},"share_on_mastodon":{"url":"https:\/\/pubeurope.com\/@de\/115007025538787027","error":""},"_links":{"self":[{"href":"https:\/\/www.europesays.com\/de\/wp-json\/wp\/v2\/posts\/334999","targetHints":{"allow":["GET"]}}],"collection":[{"href":"https:\/\/www.europesays.com\/de\/wp-json\/wp\/v2\/posts"}],"about":[{"href":"https:\/\/www.europesays.com\/de\/wp-json\/wp\/v2\/types\/post"}],"author":[{"embeddable":true,"href":"https:\/\/www.europesays.com\/de\/wp-json\/wp\/v2\/users\/2"}],"replies":[{"embeddable":true,"href":"https:\/\/www.europesays.com\/de\/wp-json\/wp\/v2\/comments?post=334999"}],"version-history":[{"count":0,"href":"https:\/\/www.europesays.com\/de\/wp-json\/wp\/v2\/posts\/334999\/revisions"}],"wp:featuredmedia":[{"embeddable":true,"href":"https:\/\/www.europesays.com\/de\/wp-json\/wp\/v2\/media\/335000"}],"wp:attachment":[{"href":"https:\/\/www.europesays.com\/de\/wp-json\/wp\/v2\/media?parent=334999"}],"wp:term":[{"taxonomy":"category","embeddable":true,"href":"https:\/\/www.europesays.com\/de\/wp-json\/wp\/v2\/categories?post=334999"},{"taxonomy":"post_tag","embeddable":true,"href":"https:\/\/www.europesays.com\/de\/wp-json\/wp\/v2\/tags?post=334999"}],"curies":[{"name":"wp","href":"https:\/\/api.w.org\/{rel}","templated":true}]}}