{"id":335005,"date":"2025-08-10T23:20:21","date_gmt":"2025-08-10T23:20:21","guid":{"rendered":"https:\/\/www.europesays.com\/de\/335005\/"},"modified":"2025-08-10T23:20:21","modified_gmt":"2025-08-10T23:20:21","slug":"rund-um-die-kahnfahrt","status":"publish","type":"post","link":"https:\/\/www.europesays.com\/de\/335005\/","title":{"rendered":"Rund um die Kahnfahrt"},"content":{"rendered":"<p><strong>Augsburg \u2013 <\/strong>F\u00fcr Sonntag, 17. August, um 14 Uhr, organisiert die Regio Augsburg Tourismus eine F\u00fchrung zu romantischen Orten und Wegen rund um die Augsburger Kahnfahrt. Dabei besteht die M\u00f6glichkeit einer Innenbesichtigung des F\u00fcnffingerlesturms und des Unteren St.\u00a0Jakobs-Wasserturms. Treffpunkt f\u00fcr die zweist\u00fcndige F\u00fchrung ist am Vogeltor. Tickets gibt es unter augsburg-tourismus.de\/Tickets.<\/p>\n<p style=\"text-align:right;\">AZ<\/p>\n<p>Weiterlesen mit<\/p>\n<p>                                                                                <img decoding=\"async\" src=\"https:\/\/www.europesays.com\/de\/wp-content\/uploads\/2025\/04\/donaukurier-plus.png\" alt=\"Plus-Logo\" class=\"paywall-image\"\/><\/p>\n<p class=\"text-center\">\n            Sie sind bereits registriert oder Plus-Abonnent?<\/p>\n<p>                Hier anmelden<\/p>\n","protected":false},"excerpt":{"rendered":"Augsburg \u2013 F\u00fcr Sonntag, 17. August, um 14 Uhr, organisiert die Regio Augsburg Tourismus eine F\u00fchrung zu romantischen&hellip;\n","protected":false},"author":2,"featured_media":15357,"comment_status":"","ping_status":"","sticky":false,"template":"","format":"standard","meta":{"footnotes":""},"categories":[1846],"tags":[680,772,3364,29,548,663,3934,30,13,14,15,12],"class_list":{"0":"post-335005","1":"post","2":"type-post","3":"status-publish","4":"format-standard","5":"has-post-thumbnail","7":"category-augsburg","8":"tag-augsburg","9":"tag-bayern","10":"tag-de","11":"tag-deutschland","12":"tag-eu","13":"tag-europa","14":"tag-europe","15":"tag-germany","16":"tag-headlines","17":"tag-nachrichten","18":"tag-news","19":"tag-schlagzeilen"},"share_on_mastodon":{"url":"https:\/\/pubeurope.com\/@de\/115007037306103972","error":""},"_links":{"self":[{"href":"https:\/\/www.europesays.com\/de\/wp-json\/wp\/v2\/posts\/335005","targetHints":{"allow":["GET"]}}],"collection":[{"href":"https:\/\/www.europesays.com\/de\/wp-json\/wp\/v2\/posts"}],"about":[{"href":"https:\/\/www.europesays.com\/de\/wp-json\/wp\/v2\/types\/post"}],"author":[{"embeddable":true,"href":"https:\/\/www.europesays.com\/de\/wp-json\/wp\/v2\/users\/2"}],"replies":[{"embeddable":true,"href":"https:\/\/www.europesays.com\/de\/wp-json\/wp\/v2\/comments?post=335005"}],"version-history":[{"count":0,"href":"https:\/\/www.europesays.com\/de\/wp-json\/wp\/v2\/posts\/335005\/revisions"}],"wp:featuredmedia":[{"embeddable":true,"href":"https:\/\/www.europesays.com\/de\/wp-json\/wp\/v2\/media\/15357"}],"wp:attachment":[{"href":"https:\/\/www.europesays.com\/de\/wp-json\/wp\/v2\/media?parent=335005"}],"wp:term":[{"taxonomy":"category","embeddable":true,"href":"https:\/\/www.europesays.com\/de\/wp-json\/wp\/v2\/categories?post=335005"},{"taxonomy":"post_tag","embeddable":true,"href":"https:\/\/www.europesays.com\/de\/wp-json\/wp\/v2\/tags?post=335005"}],"curies":[{"name":"wp","href":"https:\/\/api.w.org\/{rel}","templated":true}]}}