{"id":335236,"date":"2025-08-11T01:40:25","date_gmt":"2025-08-11T01:40:25","guid":{"rendered":"https:\/\/www.europesays.com\/de\/335236\/"},"modified":"2025-08-11T01:40:25","modified_gmt":"2025-08-11T01:40:25","slug":"schwimmen-in-der-spree-waere-schoen-aber-nicht-bei-der-museumsinsel","status":"publish","type":"post","link":"https:\/\/www.europesays.com\/de\/335236\/","title":{"rendered":"Schwimmen in der Spree w\u00e4re sch\u00f6n \u2013 aber nicht bei der Museumsinsel"},"content":{"rendered":"<p>    Traum vom Flussbad: Schwimmen in der Spree w\u00e4re sch\u00f6n \u2013 aber nicht bei der Museumsinsel<\/p>\n<p>    <a href=\"#main-content\" class=\"tspIbf\">zum Hauptinhalt<\/a>Sie befinden sich hier:<\/p>\n<ol property=\"breadcrumb\" typeof=\"BreadcrumbList\" class=\"tspAFf6\">\n<li property=\"itemListElement\" typeof=\"ListItem\" class=\"tspAFf7\"><a property=\"item\" typeof=\"WebPage\" href=\"https:\/\/www.tagesspiegel.de\" class=\"tspAFf8\" target=\"_blank\" rel=\"noopener\">Startseite<\/a><\/li>\n<li property=\"itemListElement\" typeof=\"ListItem\" class=\"tspAFf7\"><a href=\"https:\/\/www.tagesspiegel.de\/kultur\/\" property=\"item\" typeof=\"WebPage\" class=\"tspAFf8 tspAFf9\" target=\"_blank\" rel=\"noopener\">Kultur<\/a><\/li>\n<li property=\"itemListElement\" typeof=\"ListItem\" aria-current=\"page\" class=\"tspAFf7\"><strong property=\"item\" typeof=\"WebPage\" class=\"tspAFf8\">Traum vom Flussbad: Schwimmen in der Spree w\u00e4re sch\u00f6n \u2013 aber nicht bei der Museumsinsel<\/strong><\/li>\n<\/ol>\n<p><img decoding=\"async\" src=\"https:\/\/www.europesays.com\/de\/wp-content\/uploads\/2025\/08\/1754876424_68_flussbad-pokal.jpeg\" alt=\"Teilnehmerinnen am \u201eBerliner Flussbad Pokal\u201c schwimmen 2023 in der Spree (Archiv).\" width=\"1000\" height=\"428\" loading=\"lazy\" class=\"tspAShq\"\/><\/p>\n<p class=\"tspACfq tspACfr\"> \u00a9 dpa\/Paul Zinken <\/p>\n<p class=\"tspBNkw tspGs\">St\u00e4dte wie Kopenhagen oder Paris haben gezeigt, dass Baden im urbanen Raum m\u00f6glich ist. Doch der Ort f\u00fcr die Berliner Badetr\u00e4ume ist denkbar ung\u00fcnstig.<\/p>\n<p><img decoding=\"async\" src=\"https:\/\/www.europesays.com\/de\/wp-content\/uploads\/2025\/08\/bernau.jpeg\"   alt=\"Nikolaus Bernau\" width=\"80\" height=\"80\" loading=\"lazy\"\/><\/p>\n<p class=\"tspBLkm\"> Stand: 10.08.2025, 09:00\u00a0Uhr<\/p>\n<dl class=\"tspGaz debug-piano\">\n<p><dt>showPaywall:<\/dt>\n<dd>true<\/dd>\n<\/p>\n<p><dt>isSubscriber:<\/dt>\n<dd>false<\/dd>\n<\/p>\n<p><dt>isPaid:<\/dt>\n<dd>true<\/dd>\n<\/p>\n<\/dl>\n<p id=\"message-target-blank\" hidden=\"hidden\">\u00f6ffnet in neuem Tab oder Fenster<\/p>\n<p>\n\t\t\tconsole.debug({ userId: &#8222;&#8220;, verifiedBot: &#8222;false&#8220;, botCategory: &#8222;&#8220; })\n\t\t<\/p>\n","protected":false},"excerpt":{"rendered":"Traum vom Flussbad: Schwimmen in der Spree w\u00e4re sch\u00f6n \u2013 aber nicht bei der Museumsinsel zum HauptinhaltSie befinden&hellip;\n","protected":false},"author":2,"featured_media":335237,"comment_status":"","ping_status":"","sticky":false,"template":"","format":"standard","meta":{"footnotes":""},"categories":[1825],"tags":[2250,296,29,30,2273,525,21560,5004],"class_list":{"0":"post-335236","1":"post","2":"type-post","3":"status-publish","4":"format-standard","5":"has-post-thumbnail","7":"category-berlin","8":"tag-architektur","9":"tag-berlin","10":"tag-deutschland","11":"tag-germany","12":"tag-humboldt-forum","13":"tag-mitte","14":"tag-museumsinsel","15":"tag-staedtebau"},"share_on_mastodon":{"url":"https:\/\/pubeurope.com\/@de\/115007588065940526","error":""},"_links":{"self":[{"href":"https:\/\/www.europesays.com\/de\/wp-json\/wp\/v2\/posts\/335236","targetHints":{"allow":["GET"]}}],"collection":[{"href":"https:\/\/www.europesays.com\/de\/wp-json\/wp\/v2\/posts"}],"about":[{"href":"https:\/\/www.europesays.com\/de\/wp-json\/wp\/v2\/types\/post"}],"author":[{"embeddable":true,"href":"https:\/\/www.europesays.com\/de\/wp-json\/wp\/v2\/users\/2"}],"replies":[{"embeddable":true,"href":"https:\/\/www.europesays.com\/de\/wp-json\/wp\/v2\/comments?post=335236"}],"version-history":[{"count":0,"href":"https:\/\/www.europesays.com\/de\/wp-json\/wp\/v2\/posts\/335236\/revisions"}],"wp:featuredmedia":[{"embeddable":true,"href":"https:\/\/www.europesays.com\/de\/wp-json\/wp\/v2\/media\/335237"}],"wp:attachment":[{"href":"https:\/\/www.europesays.com\/de\/wp-json\/wp\/v2\/media?parent=335236"}],"wp:term":[{"taxonomy":"category","embeddable":true,"href":"https:\/\/www.europesays.com\/de\/wp-json\/wp\/v2\/categories?post=335236"},{"taxonomy":"post_tag","embeddable":true,"href":"https:\/\/www.europesays.com\/de\/wp-json\/wp\/v2\/tags?post=335236"}],"curies":[{"name":"wp","href":"https:\/\/api.w.org\/{rel}","templated":true}]}}