{"id":335255,"date":"2025-08-11T01:52:24","date_gmt":"2025-08-11T01:52:24","guid":{"rendered":"https:\/\/www.europesays.com\/de\/335255\/"},"modified":"2025-08-11T01:52:24","modified_gmt":"2025-08-11T01:52:24","slug":"preise-steigen-erheblich-beliebte-marken-betroffen","status":"publish","type":"post","link":"https:\/\/www.europesays.com\/de\/335255\/","title":{"rendered":"Preise steigen erheblich \u2013 beliebte Marken betroffen"},"content":{"rendered":"<ol class=\"id-DonaldBreadcrumb lp_west_breadcrumb id-DonaldBreadcrumb--default\" data-k5a-pos=\"west_breadcrumb\">\n<li class=\"id-Breadcrumb-item\"><a href=\"https:\/\/www.hna.de\/\" class=\"id-Breadcrumb-link\" data-id-ec=\"{\" shn=\"\" textlink=\"\" data-k5a-pos=\"1_startseite\" rel=\"nofollow noopener\" target=\"_blank\">Startseite<\/a><\/li>\n<li class=\"id-Breadcrumb-item\"><a href=\"https:\/\/www.hna.de\/verbraucher\/\" class=\"id-Breadcrumb-link\" data-id-ec=\"{\" shn=\"\" textlink=\"\" data-k5a-pos=\"2_verbraucher\" rel=\"nofollow noopener\" target=\"_blank\">Verbraucher<\/a><\/li>\n<\/ol>\n<p class=\"id-Story-timestamp id-Story-timestamp--default\">Stand: 10.08.2025, 19:46 Uhr<\/p>\n<p class=\"id-Story-authors id-Story-authors--default\">Von: <a class=\"id-Story-authors-link lp_west_author\" href=\"https:\/\/www.hna.de\/autor\/christoph-gschossmann-1kpyo46gz.html\" title=\"Zur Autorenseite von Christoph Gscho&#xDF;mann\" data-id-ec=\"{\" shn=\"\" author-link=\"\" gscho=\"\" data-k5a-pos=\"west_author\" rel=\"nofollow noopener\" target=\"_blank\">Christoph Gscho\u00dfmann<\/a>, <a class=\"id-Story-authors-link lp_west_author\" href=\"https:\/\/www.hna.de\/autor\/karolin-schaefer-4v5ocitbo.html\" title=\"Zur Autorenseite von Karolin Schaefer\" data-id-ec=\"{\" shn=\"\" author-link=\"\" schaefer=\"\" data-k5a-pos=\"west_author\" rel=\"nofollow noopener\" target=\"_blank\">Karolin Schaefer<\/a><\/p>\n<p class=\"id-Story-interactionBar id-Story-interactionBar--default\">DruckenTeilen<\/p>\n<p class=\"id-StoryElement-leadText\">Schokoladenpreise schnellen derzeit in die H\u00f6he. Verbraucher m\u00fcssen f\u00fcr viele Schoko-Produkte aktuell deutlich tiefer in die Tasche greifen.<\/p>\n<p class=\"id-StoryElement-paragraph\">Kassel \u2013 Deutsche Verbraucher m\u00fcssen tiefer in die Tasche greifen. Ein verheerender K\u00e4lteeinbruch im April hat in der T\u00fcrkei, dem weltweit gr\u00f6\u00dften Haselnussproduzenten, weite Teile der Ernte vernichtet. Der staatliche Getreiderat rechnet mit einem dramatischen R\u00fcckgang um 36 Prozent auf etwa 450.000 Tonnen, berichtet die Nachrichtenagentur\u00a0Anadolu.<\/p>\n<p><img decoding=\"async\" class=\"id-RatioPlaceholder-element wv_story_el_image\" src=\"https:\/\/www.europesays.com\/de\/wp-content\/uploads\/2025\/08\/39271405-viele-schokoladen-produkte-im-supermarkt-werden-teurer-symbolbild-2msLY5foSRfe.jpg\" loading=\"lazy\"   height=\"619\" width=\"1100\" alt=\"Viele Schokoladen-Produkte im Supermarkt werden teurer. (Symbolbild)\"\/>Viele Schokoladen-Produkte im Supermarkt werden teurer. (Symbolbild) \u00a9\u00a0R. Rebmann\/imago<\/p>\n<p class=\"id-StoryElement-paragraph\">Die Preise f\u00fcr Haselnusskerne sind seit Jahresbeginn um mehr als ein Drittel gestiegen. Eine Tonne t\u00fcrkischer Haselnusskerne kostet mittlerweile rund 9.400 Euro. Verbraucher bemerken den Preisanstieg gleich doppelt. Denn auch Kakaopreise sind extrem gestiegen. Zwischen Anfang 2024 und Mitte 2025 hat sich der Weltmarktpreis f\u00fcr Kakao laut\u00a0Investmentweek\u00a0zeitweise verdreifacht.<\/p>\n<p>\u201eSchnee hat alles ruiniert\u201c: Haselnussprodukte werden teurer in Deutschland<\/p>\n<p class=\"id-StoryElement-paragraph\">Laut Landwirtschaftsminister Ibrahim Yumakli war dies einer der \u201e\u00e4rgsten Agrarfr\u00f6ste in der Geschichte der T\u00fcrkei\u201c. Hauptgrund sei der Klimawandel, der Extremwetterereignisse h\u00e4ufiger werden l\u00e4sst. \u201eDer Winter war hart hier. Der Schnee im April hat alles ruiniert\u201c, schilderte eine Erntehelferin aus der T\u00fcrkei. Auch ein Sprecher von Seeberger best\u00e4tigt laut\u00a0ZDF heute: \u201eDie aktuelle Entwicklung ist auch Ausdruck der zunehmenden Klimarisiken f\u00fcr die Landwirtschaft.\u201c<\/p>\n<p class=\"id-StoryElement-paragraph\">Am h\u00e4rtesten d\u00fcrfte die Krise den italienischen Konzern Ferrero treffen, der als weltgr\u00f6\u00dfter Haselnuss-Abnehmer rund ein Viertel der t\u00fcrkischen Ernte verarbeitet. Obwohl Haseln\u00fcsse nur 13 Prozent von Nutella ausmachen, ist der beliebte Aufstrich seit 2022 bereits um 27 Prozent teurer geworden, berichtet Investmentweek. Dass es zu Lieferunterbrechungen komme, verneint Ferrero aber. Haseln\u00fcsse beziehe das Unternehmen auch aus Italien, Chile und den USA.\u00a0<\/p>\n<p>S\u00fc\u00df und salzig: Zehn luftig-lockere Geb\u00e4ckst\u00fccke aus einfachem Hefeteig<img decoding=\"async\" class=\"id-RatioPlaceholder-element wv_story_el_interstitialImage\" src=\"https:\/\/www.europesays.com\/de\/wp-content\/uploads\/2025\/08\/34263797-hefebroetchen-mit-kuerbiskernen-2sA7nmGSAjfe.jpg\" loading=\"lazy\"   height=\"3039\" width=\"4667\" alt=\"Hefebr&#xF6;tchen mit K&#xFC;rbiskernen\"\/><a href=\"https:\/\/www.hna.de\/leben\/einfach-tasty\/hefezopf-pinsa-oma-hefeteig-gebaeckstuecke-einfach-schnell-broetchen-zimtschnecken-zr-93424178.html\" class=\"id-StoryElement-intestitialLink-link\" data-id-ec=\"{\" shn=\"\" ansehen=\"\" data-k5a-pos=\"west_story_16_photoGalleryLink\" title=\"Zur Fotostrecke: S&#xFC;&#xDF; und salzig: Zehn luftig-lockere Geb&#xE4;ckst&#xFC;cke aus einfachem Hefeteig\" rel=\"nofollow noopener\" target=\"_blank\">Fotostrecke ansehen<\/a><\/p>\n<p class=\"id-StoryElement-paragraph\">Auch <a href=\"https:\/\/www.hna.de\/wirtschaft\/wird-die-schokolade-bald-wieder-guenstiger-zr-93868484.html\" class=\"id-import-Link\" data-id-ec=\"{&quot;sht&quot;:&quot;Container&quot;,&quot;shn&quot;:&quot;Story&quot;,&quot;p&quot;:{&quot;containerType&quot;:&quot;Paragraph&quot;,&quot;displayType&quot;:&quot;Paragraph InlineLink&quot;,&quot;type&quot;:&quot;INLINE_LINK&quot;,&quot;value&quot;:&quot;deutsche Unternehmen sp&#xFC;ren den Preisdruck massiv&quot;,&quot;variant&quot;:&quot;standardLink&quot;,&quot;sponsored&quot;:false,&quot;linkHref&quot;:&quot;https:\/\/www.hna.de\/wirtschaft\/wird-die-schokolade-bald-wieder-guenstiger-zr-93868484.html&quot;,&quot;storyElementPosition&quot;:18,&quot;storyElementCount&quot;:22}}\" rel=\"nofollow noopener\" target=\"_blank\">deutsche Unternehmen sp\u00fcren den Preisdruck massiv<\/a>. Ritter Sport ben\u00f6tigt j\u00e4hrlich etwa 4.000 Tonnen Haseln\u00fcsse, gr\u00f6\u00dftenteils aus der T\u00fcrkei. Ein Unternehmenssprecher erkl\u00e4rt: \u201eWir registrieren mithin eine massive (Doppel-)Belastung auf der Rohstoffseite.\u201c Das Unternehmen reagiert mit dem Aufbau eigener Haselnussfarmen in Frankreich. Auch der Snackanbieter Seeberger aus Ulm ist betroffen. \u201eDie aktuelle Entwicklung ist auch Ausdruck der zunehmenden Klimarisiken f\u00fcr die Landwirtschaft\u201c, hei\u00dft es von Unternehmensseite.<\/p>\n<p>Schokoladen-Schock im Supermarkt: \u201eHaselnusspreis ist derzeit sehr hoch\u201c<\/p>\n<p class=\"id-StoryElement-paragraph\">Um den steigenden Kosten zu begegnen, \u00e4ndern auch viele andere Produzenten ihre Strategien und greifen etwa zur \u201eShrinkflation\u201c \u2013 gleicher Preis bei kleinerer Menge. Netto reduzierte bei seiner \u201eLieblings Nuss-Nougat-Creme\u201c den Haselnussanteil von 20 auf 13 Prozent. Auch zu <a href=\"https:\/\/www.hna.de\/verbraucher\/grosse-preisunterschiede-so-teuer-ist-oster-schokolade-experten-geben-spar-tipps-zr-93636336.html\" class=\"id-import-Link\" data-id-ec=\"{&quot;sht&quot;:&quot;Container&quot;,&quot;shn&quot;:&quot;Story&quot;,&quot;p&quot;:{&quot;containerType&quot;:&quot;Paragraph&quot;,&quot;displayType&quot;:&quot;Paragraph InlineLink&quot;,&quot;type&quot;:&quot;INLINE_LINK&quot;,&quot;value&quot;:&quot;Ostern waren die Preise f&#xFC;r Schokolade deutlich gestiegen&quot;,&quot;variant&quot;:&quot;standardLink&quot;,&quot;sponsored&quot;:false,&quot;linkHref&quot;:&quot;https:\/\/www.hna.de\/verbraucher\/grosse-preisunterschiede-so-teuer-ist-oster-schokolade-experten-geben-spar-tipps-zr-93636336.html&quot;,&quot;storyElementPosition&quot;:21,&quot;storyElementCount&quot;:22}}\" rel=\"nofollow noopener\" target=\"_blank\">Ostern waren die Preise f\u00fcr Schokolade deutlich gestiegen<\/a>.<\/p>\n<p class=\"id-StoryElement-paragraph\">Rainer L\u00fcckenhausen vom Hamburger Handelshaus Schl\u00fcter &amp; Maack sieht Mandeln als Alternative: Diese seien \u201epreislich interessanter\u201c. Immerhin rechnet er nicht mit weiteren drastischen Preisspr\u00fcngen: \u201eMit gravierenden weiteren Ernter\u00fcckg\u00e4ngen wird derzeit nicht gerechnet.\u201c Aber: \u201eDer Haselnusspreis ist derzeit sehr hoch\u201c, wei\u00df der fr\u00fchere H\u00e4ndler Alexander Sterk. Deshalb werden ihm zufolge Haseln\u00fcsse zurzeit kaum gehandelt \u2013 anders als etwa Erdn\u00fcsse. Zu Jahresbeginn waren auch die <a href=\"https:\/\/www.hna.de\/verbraucher\/milka-preiserhoehung-bei-aldi-rewe-kaufland-beliebte-schokolade-ist-jetzt-deutlich-teurer-93528631.html\" class=\"id-import-Link\" data-id-ec=\"{&quot;sht&quot;:&quot;Container&quot;,&quot;shn&quot;:&quot;Story&quot;,&quot;p&quot;:{&quot;containerType&quot;:&quot;Paragraph&quot;,&quot;displayType&quot;:&quot;Paragraph InlineLink&quot;,&quot;type&quot;:&quot;INLINE_LINK&quot;,&quot;value&quot;:&quot;Kosten bei Milka-Schokolade gestiegen&quot;,&quot;variant&quot;:&quot;standardLink&quot;,&quot;sponsored&quot;:false,&quot;linkHref&quot;:&quot;https:\/\/www.hna.de\/verbraucher\/milka-preiserhoehung-bei-aldi-rewe-kaufland-beliebte-schokolade-ist-jetzt-deutlich-teurer-93528631.html&quot;,&quot;storyElementPosition&quot;:22,&quot;storyElementCount&quot;:22}}\" rel=\"nofollow noopener\" target=\"_blank\">Kosten bei Milka-Schokolade gestiegen<\/a>. (kas\/cgsc\/dpa)<\/p>\n","protected":false},"excerpt":{"rendered":"Startseite Verbraucher Stand: 10.08.2025, 19:46 Uhr Von: Christoph Gscho\u00dfmann, Karolin Schaefer DruckenTeilen Schokoladenpreise schnellen derzeit in die H\u00f6he.&hellip;\n","protected":false},"author":2,"featured_media":335256,"comment_status":"","ping_status":"","sticky":false,"template":"","format":"standard","meta":{"footnotes":""},"categories":[134],"tags":[175,170,169,29,30,171,174,173,172],"class_list":{"0":"post-335255","1":"post","2":"type-post","3":"status-publish","4":"format-standard","5":"has-post-thumbnail","7":"category-unternehmen-maerkte","8":"tag-business","9":"tag-companies","10":"tag-companies-markets","11":"tag-deutschland","12":"tag-germany","13":"tag-markets","14":"tag-maerkte","15":"tag-unternehmen","16":"tag-unternehmen-maerkte"},"share_on_mastodon":{"url":"https:\/\/pubeurope.com\/@de\/115007635575275007","error":""},"_links":{"self":[{"href":"https:\/\/www.europesays.com\/de\/wp-json\/wp\/v2\/posts\/335255","targetHints":{"allow":["GET"]}}],"collection":[{"href":"https:\/\/www.europesays.com\/de\/wp-json\/wp\/v2\/posts"}],"about":[{"href":"https:\/\/www.europesays.com\/de\/wp-json\/wp\/v2\/types\/post"}],"author":[{"embeddable":true,"href":"https:\/\/www.europesays.com\/de\/wp-json\/wp\/v2\/users\/2"}],"replies":[{"embeddable":true,"href":"https:\/\/www.europesays.com\/de\/wp-json\/wp\/v2\/comments?post=335255"}],"version-history":[{"count":0,"href":"https:\/\/www.europesays.com\/de\/wp-json\/wp\/v2\/posts\/335255\/revisions"}],"wp:featuredmedia":[{"embeddable":true,"href":"https:\/\/www.europesays.com\/de\/wp-json\/wp\/v2\/media\/335256"}],"wp:attachment":[{"href":"https:\/\/www.europesays.com\/de\/wp-json\/wp\/v2\/media?parent=335255"}],"wp:term":[{"taxonomy":"category","embeddable":true,"href":"https:\/\/www.europesays.com\/de\/wp-json\/wp\/v2\/categories?post=335255"},{"taxonomy":"post_tag","embeddable":true,"href":"https:\/\/www.europesays.com\/de\/wp-json\/wp\/v2\/tags?post=335255"}],"curies":[{"name":"wp","href":"https:\/\/api.w.org\/{rel}","templated":true}]}}