{"id":335550,"date":"2025-08-11T04:47:45","date_gmt":"2025-08-11T04:47:45","guid":{"rendered":"https:\/\/www.europesays.com\/de\/335550\/"},"modified":"2025-08-11T04:47:45","modified_gmt":"2025-08-11T04:47:45","slug":"sachsen-anhalt-zwei-biker-sterben-bei-unfaellen-im-saalekreis","status":"publish","type":"post","link":"https:\/\/www.europesays.com\/de\/335550\/","title":{"rendered":"Sachsen-Anhalt: Zwei Biker sterben bei Unf\u00e4llen im Saalekreis"},"content":{"rendered":"<p>                    Sachsen-Anhalt<br \/>\n                Zwei Biker sterben bei Unf\u00e4llen im Saalekreis<\/p>\n<p>\t\t\t\t              10.08.2025, 13:18 Uhr<\/p>\n<p><strong>Zwei Verkehrsunf\u00e4lle nehmen f\u00fcr zwei M\u00e4nner einen t\u00f6dlichen Ausgang. Sie waren mit dem Motorrad unterwegs.<\/strong><\/p>\n<p>Frankleben\/Burgliebenau (dpa\/sa) &#8211; Auf Landstra\u00dfen im Saalekreis sind am Samstagabend zwei Biker bei Unf\u00e4llen gestorben. Ein 28-J\u00e4hriger stie\u00df nahe Frankleben in einer Kurve mit dem entgegenkommenden Pkw eines 23-J\u00e4hrigen zusammen, wie die Polizei in Halle mitteilte. Der Motorradfahrer starb an der Unfallstelle, der Autofahrer kam verletzt in ein Krankenhaus, wie es hie\u00df.<\/p>\n<p>Zwischen Burgliebenau und Lochau wurde einem 51-j\u00e4hrigen Biker laut Polizei das \u00dcberholman\u00f6ver eines Autofahrers zum Verh\u00e4ngnis, der auf der Gegenfahrbahn unterwegs war und ihn ersten Erkenntnissen zufolge von der Stra\u00dfe dr\u00e4ngte. Der Motorradfahrer fuhr gegen einen Baum und erlag seinen schweren Verletzungen noch vor Ort. Der Autofahrer blieb demnach unverletzt. Die Polizei ermittelt in beiden F\u00e4llen zu den genauen Ursachen der Unf\u00e4lle.<\/p>\n","protected":false},"excerpt":{"rendered":"Sachsen-Anhalt Zwei Biker sterben bei Unf\u00e4llen im Saalekreis 10.08.2025, 13:18 Uhr Zwei Verkehrsunf\u00e4lle nehmen f\u00fcr zwei M\u00e4nner einen&hellip;\n","protected":false},"author":2,"featured_media":335551,"comment_status":"","ping_status":"","sticky":false,"template":"","format":"standard","meta":{"footnotes":"","_share_on_mastodon":"0"},"categories":[1860],"tags":[63563,3364,29,548,663,3934,30,4062,17332,13,14,15,17331,64989,860,12,32679,4910],"class_list":["post-335550","post","type-post","status-publish","format-standard","has-post-thumbnail","category-halle-saale","tag-biker","tag-de","tag-deutschland","tag-eu","tag-europa","tag-europe","tag-germany","tag-halle","tag-halle-saale","tag-headlines","tag-nachrichten","tag-news","tag-saale","tag-saalekreis","tag-sachsen-anhalt","tag-schlagzeilen","tag-unfaellen","tag-zwei"],"share_on_mastodon":{"url":"https:\/\/pubeurope.com\/@de\/115008323096257821","error":""},"_links":{"self":[{"href":"https:\/\/www.europesays.com\/de\/wp-json\/wp\/v2\/posts\/335550","targetHints":{"allow":["GET"]}}],"collection":[{"href":"https:\/\/www.europesays.com\/de\/wp-json\/wp\/v2\/posts"}],"about":[{"href":"https:\/\/www.europesays.com\/de\/wp-json\/wp\/v2\/types\/post"}],"author":[{"embeddable":true,"href":"https:\/\/www.europesays.com\/de\/wp-json\/wp\/v2\/users\/2"}],"replies":[{"embeddable":true,"href":"https:\/\/www.europesays.com\/de\/wp-json\/wp\/v2\/comments?post=335550"}],"version-history":[{"count":0,"href":"https:\/\/www.europesays.com\/de\/wp-json\/wp\/v2\/posts\/335550\/revisions"}],"wp:featuredmedia":[{"embeddable":true,"href":"https:\/\/www.europesays.com\/de\/wp-json\/wp\/v2\/media\/335551"}],"wp:attachment":[{"href":"https:\/\/www.europesays.com\/de\/wp-json\/wp\/v2\/media?parent=335550"}],"wp:term":[{"taxonomy":"category","embeddable":true,"href":"https:\/\/www.europesays.com\/de\/wp-json\/wp\/v2\/categories?post=335550"},{"taxonomy":"post_tag","embeddable":true,"href":"https:\/\/www.europesays.com\/de\/wp-json\/wp\/v2\/tags?post=335550"}],"curies":[{"name":"wp","href":"https:\/\/api.w.org\/{rel}","templated":true}]}}