{"id":335621,"date":"2025-08-11T05:37:20","date_gmt":"2025-08-11T05:37:20","guid":{"rendered":"https:\/\/www.europesays.com\/de\/335621\/"},"modified":"2025-08-11T05:37:20","modified_gmt":"2025-08-11T05:37:20","slug":"briefwahlstellen-in-bottrop-geoeffnet-radio-emscher-lippe","status":"publish","type":"post","link":"https:\/\/www.europesays.com\/de\/335621\/","title":{"rendered":"Briefwahlstellen in Bottrop ge\u00f6ffnet &#8211; Radio Emscher Lippe"},"content":{"rendered":"<ul>\n<li><strong>Briefwahlstellen im Bottroper Rathaus und in Kirchhellen<\/strong><\/li>\n<li><strong>Gladbeck und Gelsenkirchen ziehen n\u00e4chste Woche nach<\/strong><\/li>\n<\/ul>\n<p>Ab heute k\u00f6nnt ihr in Bottrop in den Briefwahlstellen direkt eure Kreuze f\u00fcr die Kommunalwahl machen. Die beiden Wahlb\u00fcros sind im Erdgeschoss des Rathauses und in der Bezirksverwaltungsstelle Kirchhellen \u2013 beide machen um 8.00 Uhr zum ersten Mal auf. Hier k\u00f6nnt ihr eure Briefwahlunterlagen beantragen oder auch direkt w\u00e4hlen. Die Briefwahlstellen in Gladbeck und Gelsenkirchen \u00f6ffnen erst in einer Woche. Am 14. September werden in NRW u.a. die Stadtr\u00e4te und Oberb\u00fcrgermeister bzw. B\u00fcrgermeister gew\u00e4hlt. Aktuell verschicken unsere St\u00e4dte dazu die Wahlbenachrichtigungen. <\/p>\n<p>\u00a0<\/p>\n","protected":false},"excerpt":{"rendered":"Briefwahlstellen im Bottroper Rathaus und in Kirchhellen Gladbeck und Gelsenkirchen ziehen n\u00e4chste Woche nach Ab heute k\u00f6nnt ihr&hellip;\n","protected":false},"author":2,"featured_media":335622,"comment_status":"","ping_status":"","sticky":false,"template":"","format":"standard","meta":{"footnotes":""},"categories":[1834],"tags":[94547,3364,29,3688,30,10917,1209],"class_list":{"0":"post-335621","1":"post","2":"type-post","3":"status-publish","4":"format-standard","5":"has-post-thumbnail","7":"category-essen","8":"tag-briefwahlstelle","9":"tag-de","10":"tag-deutschland","11":"tag-essen","12":"tag-germany","13":"tag-kommunalwahl","14":"tag-nordrhein-westfalen"},"share_on_mastodon":{"url":"https:\/\/pubeurope.com\/@de\/115008519736500000","error":""},"_links":{"self":[{"href":"https:\/\/www.europesays.com\/de\/wp-json\/wp\/v2\/posts\/335621","targetHints":{"allow":["GET"]}}],"collection":[{"href":"https:\/\/www.europesays.com\/de\/wp-json\/wp\/v2\/posts"}],"about":[{"href":"https:\/\/www.europesays.com\/de\/wp-json\/wp\/v2\/types\/post"}],"author":[{"embeddable":true,"href":"https:\/\/www.europesays.com\/de\/wp-json\/wp\/v2\/users\/2"}],"replies":[{"embeddable":true,"href":"https:\/\/www.europesays.com\/de\/wp-json\/wp\/v2\/comments?post=335621"}],"version-history":[{"count":0,"href":"https:\/\/www.europesays.com\/de\/wp-json\/wp\/v2\/posts\/335621\/revisions"}],"wp:featuredmedia":[{"embeddable":true,"href":"https:\/\/www.europesays.com\/de\/wp-json\/wp\/v2\/media\/335622"}],"wp:attachment":[{"href":"https:\/\/www.europesays.com\/de\/wp-json\/wp\/v2\/media?parent=335621"}],"wp:term":[{"taxonomy":"category","embeddable":true,"href":"https:\/\/www.europesays.com\/de\/wp-json\/wp\/v2\/categories?post=335621"},{"taxonomy":"post_tag","embeddable":true,"href":"https:\/\/www.europesays.com\/de\/wp-json\/wp\/v2\/tags?post=335621"}],"curies":[{"name":"wp","href":"https:\/\/api.w.org\/{rel}","templated":true}]}}