{"id":335821,"date":"2025-08-11T07:33:14","date_gmt":"2025-08-11T07:33:14","guid":{"rendered":"https:\/\/www.europesays.com\/de\/335821\/"},"modified":"2025-08-11T07:33:14","modified_gmt":"2025-08-11T07:33:14","slug":"trump-befeuert-geruechte-ueber-dritte-amtszeit-mit-trump-2028-muetze","status":"publish","type":"post","link":"https:\/\/www.europesays.com\/de\/335821\/","title":{"rendered":"Trump befeuert Ger\u00fcchte \u00fcber dritte Amtszeit mit \u201eTrump 2028\u201c-M\u00fctze"},"content":{"rendered":"<ol class=\"id-DonaldBreadcrumb lp_west_breadcrumb id-DonaldBreadcrumb--default\" data-k5a-pos=\"west_breadcrumb\">\n<li class=\"id-Breadcrumb-item\"><a href=\"https:\/\/www.fr.de\/\" class=\"id-Breadcrumb-link\" data-id-ec=\"{\" shn=\"\" textlink=\"\" data-k5a-pos=\"1_startseite\" rel=\"nofollow noopener\" target=\"_blank\">Startseite<\/a><\/li>\n<li class=\"id-Breadcrumb-item\"><a href=\"https:\/\/www.fr.de\/politik\/\" class=\"id-Breadcrumb-link\" data-id-ec=\"{\" shn=\"\" textlink=\"\" data-k5a-pos=\"2_politik\" rel=\"nofollow noopener\" target=\"_blank\">Politik<\/a><\/li>\n<\/ol>\n<p class=\"id-Story-timestamp id-Story-timestamp--default\">Stand: 11.08.2025, 08:00 Uhr<\/p>\n<p class=\"id-Story-authors id-Story-authors--default\">Von: <a class=\"id-Story-authors-link lp_west_author\" href=\"https:\/\/www.fr.de\/autor\/bettina-menzel-yz667cxxj.html\" title=\"Zur Autorenseite von Bettina Menzel\" data-id-ec=\"{\" shn=\"\" author-link=\"\" menzel=\"\" data-k5a-pos=\"west_author\" rel=\"nofollow noopener\" target=\"_blank\">Bettina Menzel<\/a><\/p>\n<p class=\"id-Story-interactionBar id-Story-interactionBar--default\">DruckenTeilen<\/p>\n<p class=\"id-StoryElement-leadText\">Auf einem Friedensgipfel im Wei\u00dfen Haus befeuern Aussagen des US-Pr\u00e4sidenten weitere Spekulationen \u00fcber seine Pl\u00e4ne f\u00fcr eine dritte Amtszeit.<\/p>\n<p class=\"id-StoryElement-paragraph\">Washington, DC \u2013 Die Staatenlenker von Armenien und\u00a0Aserbaidschan kamen am Freitag (8. August) ins Wei\u00dfe Haus, um eine historische Friedenserkl\u00e4rung zu unterzeichnen. Am Rande des Zusammentreffens ereigneten sich Szenen, die in den sozialen Medien viral gingen und den Fokus auf ein ganz anderes Thema lenkten. Darin zu sehen: Der US-Pr\u00e4sident <a href=\"https:\/\/www.fr.de\/politik\/donald-trump-per32650\/\" class=\"id-import-Link\" title=\"Donald Trump\" data-id-ec=\"{&quot;sht&quot;:&quot;Container&quot;,&quot;shn&quot;:&quot;Story&quot;,&quot;p&quot;:{&quot;containerType&quot;:&quot;Paragraph&quot;,&quot;displayType&quot;:&quot;Paragraph InlineLink&quot;,&quot;type&quot;:&quot;INLINE_LINK&quot;,&quot;value&quot;:&quot;Donald Trump&quot;,&quot;variant&quot;:&quot;standardLink&quot;,&quot;sponsored&quot;:false,&quot;linkHref&quot;:&quot;https:\/\/www.fr.de\/politik\/donald-trump-per32650\/&quot;,&quot;storyElementPosition&quot;:8,&quot;storyElementCount&quot;:21}}\" rel=\"nofollow noopener\" target=\"_blank\">Donald Trump<\/a>, der mal wieder eine dritte Amtszeit andeutet \u2013 obwohl die Verfassung der USA das verbietet.<\/p>\n<p class=\"id-StoryElement-paragraph\">In dem Video betrachten Trump und Aserbaidschans Pr\u00e4sident Ilham Alijew mehrere Basecaps mit politischen Aufschriften in einem Regal. Auf den Kappen stehen Slogans wie \u201eMake America Great Again\u201c, \u201eGulf of America\u201c und \u201eTrump Was Right About Everything\u201c. Trump h\u00e4lt eine M\u00fctze mit der Aufschrift \u201eTrump 2028\u201c hoch und sagt: \u201eWie Sie wissen, darf man ja nicht nochmal antreten und \u2026 na ja. Aber ich liege 28 Punkte vor jedem anderen\u201c, behauptet der US-Pr\u00e4sident, dessen Zustimmungswerte in Umfragen zuletzt immer weiter abnahmen. <\/p>\n<p><img decoding=\"async\" class=\"id-RatioPlaceholder-element wv_story_el_image\" src=\"https:\/\/www.europesays.com\/de\/wp-content\/uploads\/2025\/08\/39269232-eine-muetze-mit-der-aufschrift-trump-2028-ist-auch-in-trumps-online-shop-erhaeltlich-PuBG.j.jpeg\" loading=\"lazy\"   height=\"733\" width=\"1100\" alt=\"Eine M&#xFC;tze mit der Aufschrift &#x201E;Trump 2028&#x201C; ist auch in Trumps Online-Shop erh&#xE4;ltlich. \"\/>Eine M\u00fctze mit der Aufschrift \u201eTrump 2028\u201c ist auch in Trumps Online-Shop erh\u00e4ltlich.  \u00a9\u00a0IMAGO\/Andrew Roth \/ ZUMA Press Wire<\/p>\n<p class=\"id-StoryElement-paragraph\">Entsprechende M\u00fctzen mit Aufschriften wie \u201eTrump 2028\u201c sind auch im Online-Shop des Republikaners erh\u00e4ltlich. \u201eAlle wollen, dass ich nochmal antrete. Sogar viele der [\u2026]\u201c, so Trump weiter und bevor er seinen Satz beenden kann, bekr\u00e4ftigt Aserbaidschans Staatschef: \u201eAuch wir\u201c. Trump nickt l\u00e4chelnd. Dann deutet der US-Pr\u00e4sident auf eine weitere Kappe in seinem Regal mit dem Spruch \u201e4 More Years\u201c. Alijew lacht und nickt zustimmend mit dem Kopf. \u201eKommt Leute, nehmt euch was ihr wollt\u201c, sagt der <a href=\"https:\/\/www.fr.de\/politik\/republikanische-partei-republikaner-usa-donald-trump-ronald-reagan-richard-nixon-91087649.html\" class=\"id-import-Link\" data-id-ec=\"{&quot;sht&quot;:&quot;Container&quot;,&quot;shn&quot;:&quot;Story&quot;,&quot;p&quot;:{&quot;containerType&quot;:&quot;Paragraph&quot;,&quot;displayType&quot;:&quot;Paragraph InlineLink&quot;,&quot;type&quot;:&quot;INLINE_LINK&quot;,&quot;value&quot;:&quot;Republikaner&quot;,&quot;variant&quot;:&quot;standardLink&quot;,&quot;sponsored&quot;:false,&quot;linkHref&quot;:&quot;https:\/\/www.fr.de\/politik\/republikanische-partei-republikaner-usa-donald-trump-ronald-reagan-richard-nixon-91087649.html&quot;,&quot;storyElementPosition&quot;:13,&quot;storyElementCount&quot;:21}}\" rel=\"nofollow noopener\" target=\"_blank\">Republikaner<\/a> und winkt Leute herbei, die im Videoausschnitt nicht zu sehen sind.<\/p>\n<p>Trump lobt Vance \u2013 und fantasiert pl\u00f6tzlich erneut \u00fcber eigene dritte Amtszeit <\/p>\n<p class=\"id-StoryElement-paragraph\">Trump hatte am vergangenen Dienstag im Gespr\u00e4ch mit CNBC gesagt, \u201ewahrscheinlich nicht\u201c f\u00fcr eine dritte Amtszeit zu kandidieren. Stattdessen werde er \u201eh\u00f6chstwahrscheinlich\u201c seinen jetzigen Vizepr\u00e4sident <a href=\"https:\/\/www.fr.de\/politik\/j-d-vance-per1525588\/\" class=\"id-import-Link\" title=\"J. D. Vance\" data-id-ec=\"{&quot;sht&quot;:&quot;Container&quot;,&quot;shn&quot;:&quot;Story&quot;,&quot;p&quot;:{&quot;containerType&quot;:&quot;Paragraph&quot;,&quot;displayType&quot;:&quot;Paragraph InlineLink&quot;,&quot;type&quot;:&quot;INLINE_LINK&quot;,&quot;value&quot;:&quot;JD Vance&quot;,&quot;variant&quot;:&quot;standardLink&quot;,&quot;sponsored&quot;:false,&quot;linkHref&quot;:&quot;https:\/\/www.fr.de\/politik\/j-d-vance-per1525588\/&quot;,&quot;storyElementPosition&quot;:16,&quot;storyElementCount&quot;:21}}\" rel=\"nofollow noopener\" target=\"_blank\">JD Vance<\/a> als Pr\u00e4sidentschaftskandidaten <a href=\"https:\/\/www.fr.de\/politik\/vance-oder-rubio-trump-legt-sich-auf-vizekandidaten-fest-zr-93870252.html\" class=\"id-import-Link\" data-id-ec=\"{&quot;sht&quot;:&quot;Container&quot;,&quot;shn&quot;:&quot;Story&quot;,&quot;p&quot;:{&quot;containerType&quot;:&quot;Paragraph&quot;,&quot;displayType&quot;:&quot;Paragraph InlineLink&quot;,&quot;type&quot;:&quot;INLINE_LINK&quot;,&quot;value&quot;:&quot;der&#xA0;Republikaner&#xA0;unterst&#xFC;tzen&quot;,&quot;variant&quot;:&quot;standardLink&quot;,&quot;sponsored&quot;:false,&quot;linkHref&quot;:&quot;https:\/\/www.fr.de\/politik\/vance-oder-rubio-trump-legt-sich-auf-vizekandidaten-fest-zr-93870252.html&quot;,&quot;storyElementPosition&quot;:16,&quot;storyElementCount&quot;:21}}\" rel=\"nofollow noopener\" target=\"_blank\">der\u00a0Republikaner\u00a0unterst\u00fctzen<\/a>. Es sei \u201enoch zu fr\u00fch, um dar\u00fcber zu reden, aber er macht ohne Zweifel sehr gute Arbeit. Und er w\u00fcrde zum jetzigen Zeitpunkt bevorzugt werden\u201c, so der US-Pr\u00e4sident weiter. Vance k\u00f6nne wom\u00f6glich mit dem jetzigen Au\u00dfenminister Marco Rubio ins Rennen gehen. \u201eIch denke, dass Marco auch jemand ist, der sich vielleicht in irgendeiner Form mit JD zusammentun k\u00f6nnte\u201c, so Trump.<\/p>\n<p class=\"id-StoryElement-paragraph\">Allerdings kam dann die Kehrtwende: \u201eIch w\u00fcrde gerne kandidieren. Ich habe die besten Umfragewerte, die ich je hatte\u201c, behauptete Trump erneut. Laut einer aktuellen <a href=\"https:\/\/www.natesilver.net\/p\/trump-approval-ratings-nate-silver-bulletin\" rel=\"nofollow noopener\" target=\"_blank\" class=\"id-import-Link id-pageApi-Link--externalDomain\" data-id-ec=\"{&quot;sht&quot;:&quot;Container&quot;,&quot;shn&quot;:&quot;Story&quot;,&quot;p&quot;:{&quot;containerType&quot;:&quot;Paragraph&quot;,&quot;displayType&quot;:&quot;Paragraph InlineLink&quot;,&quot;type&quot;:&quot;INLINE_LINK&quot;,&quot;value&quot;:&quot;Statistik&quot;,&quot;variant&quot;:&quot;standardLink&quot;,&quot;sponsored&quot;:false,&quot;linkHref&quot;:&quot;https:\/\/www.natesilver.net\/p\/trump-approval-ratings-nate-silver-bulletin&quot;,&quot;storyElementPosition&quot;:18,&quot;storyElementCount&quot;:21}}\">Statistik<\/a> lehnt inzwischen \u00fcber die H\u00e4lfte der Befragten (52,5 Prozent) Donald Trump ab. Zu Beginn seiner Amtszeit war dieser Anteil mit 40 Prozent deutlich geringer. In der Vergangenheit hatte der Republikaner angedeutet, es gebe \u201eMethoden\u201c f\u00fcr eine dritte Amtszeit. Eine M\u00f6glichkeit sei, dass JD Vance f\u00fcr die Pr\u00e4sidentschaft kandidiere und das Amt dann an ihn abgebe, behauptete er in einem Interview mit NBC. Auch das ist von der Verfassung nicht gedeckt. Der US-Pr\u00e4sident erw\u00e4hnte weitere M\u00f6glichkeiten, wollte jedoch auch auf Nachfrage keine Details nennen.<\/p>\n<p>Donald Trumps Skandale, Fehltritte und Eklats in der \u00dcbersicht<img decoding=\"async\" class=\"id-RatioPlaceholder-element wv_story_el_interstitialImage\" src=\"https:\/\/www.europesays.com\/de\/wp-content\/uploads\/2025\/05\/38318399-per-dekret-benannte-der-neue-us-praesident-den-golf-von-mexiko-in-golf-von-amerika-um-1uko1.jpeg\" loading=\"lazy\"   height=\"2667\" width=\"4000\" alt=\" Per Dekret benannte der neue US-Pr&#xE4;sident den Golf von Mexiko in Golf von Amerika um\"\/><a href=\"https:\/\/www.fr.de\/politik\/donald-trump-skandale-fehltritte-und-eklats-in-der-uebersicht-usa-zr-91620374.html\" class=\"id-StoryElement-intestitialLink-link\" data-id-ec=\"{\" shn=\"\" ansehen=\"\" data-k5a-pos=\"west_story_18_photoGalleryLink\" title=\"Zur Fotostrecke: Donald Trumps Skandale, Fehltritte und Eklats in der &#xDC;bersicht\" rel=\"nofollow noopener\" target=\"_blank\">Fotostrecke ansehen<\/a><\/p>\n<p class=\"id-StoryElement-paragraph\">Auf das Video von Trump mit Ilham Alijew reagierte der fr\u00fchere Chefstratege Trumps und ultrakonservative MAGA-Anh\u00e4nger Steve Bannon im sozialen Netzwerk <a href=\"https:\/\/gettr.com\/post\/p3o7dyl5bc6\" rel=\"nofollow noopener\" target=\"_blank\" class=\"id-import-Link id-pageApi-Link--externalDomain\" data-id-ec=\"{&quot;sht&quot;:&quot;Container&quot;,&quot;shn&quot;:&quot;Story&quot;,&quot;p&quot;:{&quot;containerType&quot;:&quot;Paragraph&quot;,&quot;displayType&quot;:&quot;Paragraph InlineLink&quot;,&quot;type&quot;:&quot;INLINE_LINK&quot;,&quot;value&quot;:&quot;Gettr&quot;,&quot;variant&quot;:&quot;standardLink&quot;,&quot;sponsored&quot;:false,&quot;linkHref&quot;:&quot;https:\/\/gettr.com\/post\/p3o7dyl5bc6&quot;,&quot;storyElementPosition&quot;:21,&quot;storyElementCount&quot;:21}}\">Gettr<\/a> mit \u201eTrump 2028\u201c und \u201eHab ich doch gesagt\u201c. Zuvor waren kurz Ger\u00fcchte \u00fcber eine m\u00f6gliche Kandidatur Bannons kursiert. Das hatte der Trump-Vertraute allerdings im <a href=\"https:\/\/www.fr.de\/politik\/spekulationen-um-bannon-maga-stratege-versichert-trump-loyalitaet-93875466.html\" class=\"id-import-Link\" data-id-ec=\"{&quot;sht&quot;:&quot;Container&quot;,&quot;shn&quot;:&quot;Story&quot;,&quot;p&quot;:{&quot;containerType&quot;:&quot;Paragraph&quot;,&quot;displayType&quot;:&quot;Paragraph InlineLink&quot;,&quot;type&quot;:&quot;INLINE_LINK&quot;,&quot;value&quot;:&quot;Podcast &#x201E;The National Pulse&#x201C; mit der knappen Antwort &#x201E;Trump 2028&#x201C; zur&#xFC;ckgewiesen&quot;,&quot;variant&quot;:&quot;standardLink&quot;,&quot;sponsored&quot;:false,&quot;linkHref&quot;:&quot;https:\/\/www.fr.de\/politik\/spekulationen-um-bannon-maga-stratege-versichert-trump-loyalitaet-93875466.html&quot;,&quot;storyElementPosition&quot;:21,&quot;storyElementCount&quot;:21}}\" rel=\"nofollow noopener\" target=\"_blank\">Podcast \u201eThe National Pulse\u201c mit der knappen Antwort \u201eTrump 2028\u201c zur\u00fcckgewiesen<\/a>. Schon im M\u00e4rz hatte Bannon gesagt, er sei \u201efest davon \u00fcberzeugt,\u00a0dass Pr\u00e4sident <a href=\"https:\/\/www.fr.de\/politik\/bannon-will-dritte-trump-amtszeit-trotz-verbot-durch-verfassung-zr-93638930.html\" class=\"id-import-Link\" data-id-ec=\"{&quot;sht&quot;:&quot;Container&quot;,&quot;shn&quot;:&quot;Story&quot;,&quot;p&quot;:{&quot;containerType&quot;:&quot;Paragraph&quot;,&quot;displayType&quot;:&quot;Paragraph InlineLink&quot;,&quot;type&quot;:&quot;INLINE_LINK&quot;,&quot;value&quot;:&quot;Trump 2028 erneut antreten&#xA0;und gewinnen wird&quot;,&quot;variant&quot;:&quot;standardLink&quot;,&quot;sponsored&quot;:false,&quot;linkHref&quot;:&quot;https:\/\/www.fr.de\/politik\/bannon-will-dritte-trump-amtszeit-trotz-verbot-durch-verfassung-zr-93638930.html&quot;,&quot;storyElementPosition&quot;:21,&quot;storyElementCount&quot;:21}}\" rel=\"nofollow noopener\" target=\"_blank\">Trump 2028 erneut antreten\u00a0und gewinnen wird<\/a>\u201c. Die US-Verfassung verbietet das. Die friedliche \u00dcbergabe der Macht ist eines der Grundprinzipien der Demokratie.<\/p>\n","protected":false},"excerpt":{"rendered":"Startseite Politik Stand: 11.08.2025, 08:00 Uhr Von: Bettina Menzel DruckenTeilen Auf einem Friedensgipfel im Wei\u00dfen Haus befeuern Aussagen&hellip;\n","protected":false},"author":2,"featured_media":335822,"comment_status":"","ping_status":"","sticky":false,"template":"","format":"standard","meta":{"footnotes":""},"categories":[3],"tags":[13,14,15,12,10,8,9,11,103,104],"class_list":{"0":"post-335821","1":"post","2":"type-post","3":"status-publish","4":"format-standard","5":"has-post-thumbnail","7":"category-welt","8":"tag-headlines","9":"tag-nachrichten","10":"tag-news","11":"tag-schlagzeilen","12":"tag-top-news","13":"tag-top-meldungen","14":"tag-topmeldungen","15":"tag-topnews","16":"tag-welt","17":"tag-world"},"share_on_mastodon":{"url":"https:\/\/pubeurope.com\/@de\/115008976254726207","error":""},"_links":{"self":[{"href":"https:\/\/www.europesays.com\/de\/wp-json\/wp\/v2\/posts\/335821","targetHints":{"allow":["GET"]}}],"collection":[{"href":"https:\/\/www.europesays.com\/de\/wp-json\/wp\/v2\/posts"}],"about":[{"href":"https:\/\/www.europesays.com\/de\/wp-json\/wp\/v2\/types\/post"}],"author":[{"embeddable":true,"href":"https:\/\/www.europesays.com\/de\/wp-json\/wp\/v2\/users\/2"}],"replies":[{"embeddable":true,"href":"https:\/\/www.europesays.com\/de\/wp-json\/wp\/v2\/comments?post=335821"}],"version-history":[{"count":0,"href":"https:\/\/www.europesays.com\/de\/wp-json\/wp\/v2\/posts\/335821\/revisions"}],"wp:featuredmedia":[{"embeddable":true,"href":"https:\/\/www.europesays.com\/de\/wp-json\/wp\/v2\/media\/335822"}],"wp:attachment":[{"href":"https:\/\/www.europesays.com\/de\/wp-json\/wp\/v2\/media?parent=335821"}],"wp:term":[{"taxonomy":"category","embeddable":true,"href":"https:\/\/www.europesays.com\/de\/wp-json\/wp\/v2\/categories?post=335821"},{"taxonomy":"post_tag","embeddable":true,"href":"https:\/\/www.europesays.com\/de\/wp-json\/wp\/v2\/tags?post=335821"}],"curies":[{"name":"wp","href":"https:\/\/api.w.org\/{rel}","templated":true}]}}