{"id":335856,"date":"2025-08-11T07:52:10","date_gmt":"2025-08-11T07:52:10","guid":{"rendered":"https:\/\/www.europesays.com\/de\/335856\/"},"modified":"2025-08-11T07:52:10","modified_gmt":"2025-08-11T07:52:10","slug":"ehrenamtliche-mit-herz-im-gruenen-zoo-wuppertal","status":"publish","type":"post","link":"https:\/\/www.europesays.com\/de\/335856\/","title":{"rendered":"Ehrenamtliche mit Herz im Gr\u00fcnen Zoo Wuppertal"},"content":{"rendered":"<p class=\"text_ohne_einzug richtext text-em-55 !leading-serif mx-6 desktop:mx-0\">Der Zoo-Verein Wuppertal feiert 2025 sein 70-j\u00e4hriges Bestehen und z\u00e4hlt derzeit rund 2150 Mitglieder. Darunter befindet sich auch das \u201eTeam Ehrenamt\u201c, knapp 100 Aktive, die sich mit pers\u00f6nlichem Einsatz im Gr\u00fcnen Zoo einbringen. Ihre Aufgaben sind dabei vielseitig, doch es scheint einen gemeinsamen Nenner zu geben, den Spa\u00df an der T\u00e4tigkeit. Auf Einladung des Vereins konnte die WZ einige von ihnen kennenlernen.<\/p>\n","protected":false},"excerpt":{"rendered":"Der Zoo-Verein Wuppertal feiert 2025 sein 70-j\u00e4hriges Bestehen und z\u00e4hlt derzeit rund 2150 Mitglieder. Darunter befindet sich auch&hellip;\n","protected":false},"author":2,"featured_media":335857,"comment_status":"","ping_status":"","sticky":false,"template":"","format":"standard","meta":{"footnotes":""},"categories":[1840],"tags":[30692,94594,3364,29,5393,72713,94595,26160,47736,94597,30,1209,94593,38696,10434,94596,4418,6500],"class_list":{"0":"post-335856","1":"post","2":"type-post","3":"status-publish","4":"format-standard","5":"has-post-thumbnail","7":"category-wuppertal","8":"tag-30692","9":"tag-aralandia","10":"tag-de","11":"tag-deutschland","12":"tag-ehrenamt","13":"tag-ehrenamtlichen","14":"tag-ehrenamtseinsaetzen","15":"tag-einsaetze","16":"tag-elefanten","17":"tag-elefantenhaus","18":"tag-germany","19":"tag-nordrhein-westfalen","20":"tag-persoenlichem","21":"tag-taetigkeit","22":"tag-verein","23":"tag-vereinsmagazins","24":"tag-wuppertal","25":"tag-zoo"},"share_on_mastodon":{"url":"https:\/\/pubeurope.com\/@de\/115009050663008413","error":""},"_links":{"self":[{"href":"https:\/\/www.europesays.com\/de\/wp-json\/wp\/v2\/posts\/335856","targetHints":{"allow":["GET"]}}],"collection":[{"href":"https:\/\/www.europesays.com\/de\/wp-json\/wp\/v2\/posts"}],"about":[{"href":"https:\/\/www.europesays.com\/de\/wp-json\/wp\/v2\/types\/post"}],"author":[{"embeddable":true,"href":"https:\/\/www.europesays.com\/de\/wp-json\/wp\/v2\/users\/2"}],"replies":[{"embeddable":true,"href":"https:\/\/www.europesays.com\/de\/wp-json\/wp\/v2\/comments?post=335856"}],"version-history":[{"count":0,"href":"https:\/\/www.europesays.com\/de\/wp-json\/wp\/v2\/posts\/335856\/revisions"}],"wp:featuredmedia":[{"embeddable":true,"href":"https:\/\/www.europesays.com\/de\/wp-json\/wp\/v2\/media\/335857"}],"wp:attachment":[{"href":"https:\/\/www.europesays.com\/de\/wp-json\/wp\/v2\/media?parent=335856"}],"wp:term":[{"taxonomy":"category","embeddable":true,"href":"https:\/\/www.europesays.com\/de\/wp-json\/wp\/v2\/categories?post=335856"},{"taxonomy":"post_tag","embeddable":true,"href":"https:\/\/www.europesays.com\/de\/wp-json\/wp\/v2\/tags?post=335856"}],"curies":[{"name":"wp","href":"https:\/\/api.w.org\/{rel}","templated":true}]}}